{"id":1144,"date":"2019-09-19T09:29:40","date_gmt":"2019-09-19T08:29:40","guid":{"rendered":"http:\/\/www.kapap-czech.cz\/?p=1144"},"modified":"2019-09-19T09:29:42","modified_gmt":"2019-09-19T08:29:42","slug":"nabory-kapap-czech-2019-v-plnem-proudu","status":"publish","type":"post","link":"http:\/\/www.kapap-czech.cz\/?p=1144","title":{"rendered":"N\u00c1BORY KAPAP CZECH 2019 v pln\u00e9m proudu"},"content":{"rendered":"\n<p>Za\u010dali jsme ve st\u0159edu 4.9.2019 n\u00e1borem v Ho\u0159ovic\u00edch, kter\u00e9 tento rok dostali &#8222;\u010dern\u00e9ho Petra&#8220; prvn\u00edho n\u00e1boru, ale mile p\u0159ekvapili a do\u0161lo 20 d\u011bt\u00ed a 12 dosp\u011bl\u00e1k\u016f, kte\u0159\u00ed maj\u00ed z\u00e1jem v jedn\u00e9 z na\u0161ich nejmen\u0161\u00edch lokalit cvi\u010dit. <\/p>\n\n\n\n<p>N\u00e1sledoval n\u00e1bor v severo\u010desk\u00fdch Lounech, kde op\u011bt t\u011b\u017ei\u0161t\u011bm z\u00e1jmu byla d\u011btsk\u00e1 sebeobrana KAPAP KIDS pro \u0161kol\u00e1ky. T\u00e9 se z\u00fa\u010dastnilo t\u00e9m\u011b\u0159 t\u0159i des\u00edtky d\u011bt\u00ed. Dosp\u011bl\u00e1ci neurazili, ale mezi nov\u00e1\u010dky p\u0159eva\u017euj\u00ed aktu\u00e1ln\u011b st\u0159edo\u0161kol\u00e1ci v tomto okresn\u00edm m\u011bst\u011b.<\/p>\n\n\n\n<p>N\u00e1bor v Brn\u011b, kde jsme \u00fapln\u011b zm\u011bnili t\u011blocvi\u010dnu na druhou stranu Brna nem\u011bl ambice b\u00fdt n\u011bjak masivn\u00ed, kort kdy\u017e se o tyt\u00e9\u017e lidi bijeme ve obrovsk\u00e9 konkurenci dal\u0161\u00edch klub\u016f, kter\u00fdch v Brn\u011b jsou des\u00edtky. Mimoto zaj\u00edmavost\u00ed Brna je, \u017ee tam je nejv\u00edce organizac\u00edch Krav Maga v cel\u00e9 \u010cR. <\/p>\n\n\n\n<p>St\u0159eda 11.9. byla ve znamen\u00ed n\u00e1boru ve st\u0159edo\u010desk\u00fdch Sedl\u010danech. Op\u011bt se projevil fakt, \u017ee v\u00edce lid\u00ed doraz\u00ed na men\u0161\u00edch m\u011bstech, proto\u017ee zde nen\u00ed p\u0159\u00edli\u0161 jin\u00fdch pravideln\u00fdch aktivit. Bilance n\u00e1boru &#8211; 29 d\u011bt\u00ed a 26 dosp\u011bl\u00e1k\u016f, co\u017e je obrovsk\u00fd \u00fasp\u011bch. <\/p>\n\n\n\n<p>P\u0159ed rokem jsme otv\u00edrali novou lokalitu Slan\u00fd, kam skrze hal\u00f3 efekt dorazilo p\u0159ed 20 lid\u00ed. Tento rok byl po\u010det prakticky stejn\u00fd, p\u0159i\u010dem\u017e polovina \u00fa\u010dastn\u00edk\u016f byli na\u0161i sou\u010dasn\u00ed cvi\u010denci a druh\u00e1 polovina nov\u00e1\u010dky. Zde se projevil dal\u0161\u00ed trend &#8211; v okresn\u00edch m\u011bstech m\u00e1 z\u00e1jem o cvi\u010den\u00ed v\u00edce \u017een ne\u017e mu\u017e\u016f. <\/p>\n\n\n\n<p>Jedin\u00fd p\u00e1te\u010dn\u00ed n\u00e1bor prob\u011bhl v z\u00e1pado\u010desk\u00e9m Chebu. Zde bylo jasn\u00e9, \u017ee d\u00edky p\u00e1tku nebude \u00fa\u010dast ohromuj\u00edc\u00ed, tak\u017ee 14 \u00fa\u010dastn\u00edk\u016f bylo o\u010dek\u00e1v\u00e1vateln\u00fdm v\u00fdsledkem a pot\u011b\u0161ilo. I zde bylo na n\u00e1boru velk\u00e9 procento \u017een, kter\u00e9 o v\u00fdcvik projevili z\u00e1jem a hned se zaregistrovaly, co\u017e n\u00e1s t\u011b\u0161\u00ed. <\/p>\n\n\n\n<p>Druh\u00fd n\u00e1borov\u00fd t\u00fdden byl zah\u00e1jen n\u00e1borem v domovsk\u00e9 lokalit\u011b hlavn\u00edho tren\u00e9ra &#8211; st\u0159edo\u010desk\u00e9 Dob\u0159\u00ed\u0161i. Zde m\u00e1me vlastn\u00ed t\u011blocvi\u010dnu, co\u017e n\u00e1m umo\u017e\u0148uje m\u00edt maximalizovanou nab\u00eddku. V p\u0159edregistraci d\u011btsk\u00e9 sebeobrany z pr\u00e1zdnin bylo 40 cvi\u010denc\u016f z minul\u00e9ho roku, kte\u0159\u00ed cht\u011bj\u00ed chodit nad\u00e1le. K nim se p\u0159ipoj\u00ed v pond\u011bl\u00ed \u010di st\u0159edu dal\u0161\u00edch 30 d\u011btsk\u00fdch cvi\u010denc\u016f. Za dosp\u011bl\u00e1ky do\u0161ly celkem dv\u011b des\u00edtky lid\u00ed, z nich\u017e 5 bylo na\u0161ich sou\u010dasn\u00fdch cvi\u010denc\u016f a dal\u0161\u00edch 8 se regnulo. I zde tedy maxim\u00e1ln\u00ed spokojenost.<\/p>\n\n\n\n<p>\u00dater\u00fd pat\u0159ilo n\u00e1boru ml\u00e1de\u017ee a dosp\u011bl\u00fdch v Chomutov\u011b. Po\u010det 14 \u00fa\u010dastn\u00edk\u016f byl v o\u010dek\u00e1v\u00e1n\u00ed dle propagace a odezev z\u00e1jemc\u016f. Bude to dobr\u00fd z\u00e1klad pro dal\u0161\u00ed rozvoj t\u00e9to lokality. <\/p>\n\n\n\n<p>St\u0159eda 18.9 byl dal\u0161\u00ed marat\u00f3n n\u00e1bor\u016f, tentokr\u00e1te v Kl\u00e1\u0161terci nad Oh\u0159\u00ed, kde jsme brali nov\u00e1\u010dky do d\u011btsk\u00e9 sebeobrany KAPAP KIDS, otev\u00edrali prvn\u00edm rokem pokro\u010dil\u00e9 d\u011bti a dosp\u011bl\u00e1ky. Celkem dorazilo p\u0159es 20 d\u011bt\u00ed a des\u00edtka dosp\u011bl\u00fdch. Oboj\u00ed v o\u010dek\u00e1van\u00e9m rozsahu dle toho, jak n\u00e1m rodi\u010de \u010di z\u00e1jemci volali a psali. <\/p>\n\n\n\n<p>Te\u010f n\u00e1s \u010dekaj\u00ed n\u00e1bory: 19.9. v P\u0159\u00edbrami, 23.9. v Hradci Kr\u00e1lov\u00e9, 24.9. v Plzni, 25.9. v P\u00edsku a 26.9. v Milevsku. T\u011b\u0161\u00edme se a o jejich v\u00fdsledc\u00edch bude pojedn\u00e1vat dal\u0161\u00ed n\u00e1borov\u00fd \u010dl\u00e1nek. <\/p>\n","protected":false},"excerpt":{"rendered":"<p>Za\u010dali jsme ve st\u0159edu 4.9.2019 n\u00e1borem v Ho\u0159ovic\u00edch, kter\u00e9 tento rok dostali &#8222;\u010dern\u00e9ho Petra&#8220; prvn\u00edho n\u00e1boru, ale mile p\u0159ekvapili a do\u0161lo 20 d\u011bt\u00ed a 12 dosp\u011bl\u00e1k\u016f, kte\u0159\u00ed maj\u00ed z\u00e1jem v jedn\u00e9 z na\u0161ich nejmen\u0161\u00edch lokalit cvi\u010dit. N\u00e1sledoval n\u00e1bor v severo\u010desk\u00fdch Lounech, kde op\u011bt t\u011b\u017ei\u0161t\u011bm z\u00e1jmu byla d\u011btsk\u00e1 sebeobrana KAPAP KIDS pro \u0161kol\u00e1ky. T\u00e9 se z\u00fa\u010dastnilo &hellip; <\/p>\n<p class=\"link-more\"><a href=\"http:\/\/www.kapap-czech.cz\/?p=1144\" class=\"more-link\">Pokra\u010dovat ve \u010dten\u00ed<span class=\"screen-reader-text\"> &#8222;N\u00c1BORY KAPAP CZECH 2019 v pln\u00e9m proudu&#8220;<\/span><\/a><\/p>\n","protected":false},"author":1,"featured_media":0,"comment_status":"closed","ping_status":"closed","sticky":false,"template":"","format":"standard","meta":[],"categories":[1],"tags":[],"aioseo_notices":[],"_links":{"self":[{"href":"http:\/\/www.kapap-czech.cz\/index.php?rest_route=\/wp\/v2\/posts\/1144"}],"collection":[{"href":"http:\/\/www.kapap-czech.cz\/index.php?rest_route=\/wp\/v2\/posts"}],"about":[{"href":"http:\/\/www.kapap-czech.cz\/index.php?rest_route=\/wp\/v2\/types\/post"}],"author":[{"embeddable":true,"href":"http:\/\/www.kapap-czech.cz\/index.php?rest_route=\/wp\/v2\/users\/1"}],"replies":[{"embeddable":true,"href":"http:\/\/www.kapap-czech.cz\/index.php?rest_route=%2Fwp%2Fv2%2Fcomments&post=1144"}],"version-history":[{"count":1,"href":"http:\/\/www.kapap-czech.cz\/index.php?rest_route=\/wp\/v2\/posts\/1144\/revisions"}],"predecessor-version":[{"id":1145,"href":"http:\/\/www.kapap-czech.cz\/index.php?rest_route=\/wp\/v2\/posts\/1144\/revisions\/1145"}],"wp:attachment":[{"href":"http:\/\/www.kapap-czech.cz\/index.php?rest_route=%2Fwp%2Fv2%2Fmedia&parent=1144"}],"wp:term":[{"taxonomy":"category","embeddable":true,"href":"http:\/\/www.kapap-czech.cz\/index.php?rest_route=%2Fwp%2Fv2%2Fcategories&post=1144"},{"taxonomy":"post_tag","embeddable":true,"href":"http:\/\/www.kapap-czech.cz\/index.php?rest_route=%2Fwp%2Fv2%2Ftags&post=1144"}],"curies":[{"name":"wp","href":"https:\/\/api.w.org\/{rel}","templated":true}]}}