{"id":12,"date":"2018-05-30T08:26:19","date_gmt":"2018-05-30T08:26:19","guid":{"rendered":"http:\/\/blog.kapap-czech.cz\/?p=12"},"modified":"2018-06-04T18:52:21","modified_gmt":"2018-06-04T18:52:21","slug":"pribram-letni-soustredeni-kapap-5-8-7-2018","status":"publish","type":"post","link":"http:\/\/www.kapap-czech.cz\/?p=12","title":{"rendered":"P\u0158\u00cdBRAM: Letn\u00ed soust\u0159ed\u011bn\u00ed KAPAP (5.-8.7.2018)"},"content":{"rendered":"<figure id=\"attachment_79\" aria-describedby=\"caption-attachment-79\" style=\"width: 217px\" class=\"wp-caption alignleft\"><a href=\"http:\/\/www.kapap-czech.cz\/wp-content\/uploads\/2018\/06\/18070508_letni-camp-kapap.jpg\"><img loading=\"lazy\" class=\"size-medium wp-image-79\" alt=\"Pozv\u00e1nka na Letn\u00ed camp KAPAP CZECH 2018\" src=\"http:\/\/www.kapap-czech.cz\/wp-content\/uploads\/2018\/06\/18070508_letni-camp-kapap-217x300.jpg\" width=\"217\" height=\"300\" srcset=\"http:\/\/www.kapap-czech.cz\/wp-content\/uploads\/2018\/06\/18070508_letni-camp-kapap-217x300.jpg 217w, http:\/\/www.kapap-czech.cz\/wp-content\/uploads\/2018\/06\/18070508_letni-camp-kapap.jpg 552w\" sizes=\"(max-width: 217px) 100vw, 217px\" \/><\/a><figcaption id=\"caption-attachment-79\" class=\"wp-caption-text\">Pozv\u00e1nka na Letn\u00ed camp KAPAP CZECH 2018<\/figcaption><\/figure>\n<p>Letn\u00ed camp (5.7.-8.7.2018) i se sv\u00fdm t\u00e9matick\u00fdm obsahem je zde. Tak\u017ee se koukn\u011bte, na to se m\u016f\u017eete v jednotliv\u00fdch dnech t\u011b\u0161it a kolik to v\u0161echno stoj\u00ed, p\u0159\u00e1tel\u00e9. A pak u\u017e sta\u010d\u00ed jen se registrovat do uveden\u00fdch dn\u016f. Kdo se pl\u00e1nuje z\u00fa\u010dastnit cel\u00e9ho soust\u0159ed\u011bn\u00ed, tak se registruje do v\u0161ech 4 dn\u016f.<\/p>\n<p>Letn\u00ed camp je otev\u0159en\u00fd ka\u017ed\u00e9mu z\u00e1jemci o v\u00fdcvik izraelsk\u00e9 sebeobrany.<\/p>\n<p>Registrace na akci:\u00a0<a href=\"http:\/\/www.kapap-czech.cz\/?page_id=81\">http:\/\/www.kapap-czech.cz\/?page_id=81<\/a><\/p>\n<p>D\u011bkuji za spolupr\u00e1ci a t\u011b\u0161\u00edm se na v\u00e1s, bojovn\u00edci a bojovnice.<\/p>\n","protected":false},"excerpt":{"rendered":"<p>Letn\u00ed camp (5.7.-8.7.2018) i se sv\u00fdm t\u00e9matick\u00fdm obsahem je zde. Tak\u017ee se koukn\u011bte, na to se m\u016f\u017eete v jednotliv\u00fdch dnech t\u011b\u0161it a kolik to v\u0161echno stoj\u00ed, p\u0159\u00e1tel\u00e9. A pak u\u017e sta\u010d\u00ed jen se registrovat do uveden\u00fdch dn\u016f. Kdo se pl\u00e1nuje z\u00fa\u010dastnit cel\u00e9ho soust\u0159ed\u011bn\u00ed, tak se registruje do v\u0161ech 4 dn\u016f. Letn\u00ed camp je otev\u0159en\u00fd ka\u017ed\u00e9mu &hellip; <\/p>\n<p class=\"link-more\"><a href=\"http:\/\/www.kapap-czech.cz\/?p=12\" class=\"more-link\">Pokra\u010dovat ve \u010dten\u00ed<span class=\"screen-reader-text\"> &#8222;P\u0158\u00cdBRAM: Letn\u00ed soust\u0159ed\u011bn\u00ed KAPAP (5.-8.7.2018)&#8220;<\/span><\/a><\/p>\n","protected":false},"author":1,"featured_media":0,"comment_status":"open","ping_status":"open","sticky":false,"template":"","format":"standard","meta":[],"categories":[3],"tags":[],"aioseo_notices":[],"_links":{"self":[{"href":"http:\/\/www.kapap-czech.cz\/index.php?rest_route=\/wp\/v2\/posts\/12"}],"collection":[{"href":"http:\/\/www.kapap-czech.cz\/index.php?rest_route=\/wp\/v2\/posts"}],"about":[{"href":"http:\/\/www.kapap-czech.cz\/index.php?rest_route=\/wp\/v2\/types\/post"}],"author":[{"embeddable":true,"href":"http:\/\/www.kapap-czech.cz\/index.php?rest_route=\/wp\/v2\/users\/1"}],"replies":[{"embeddable":true,"href":"http:\/\/www.kapap-czech.cz\/index.php?rest_route=%2Fwp%2Fv2%2Fcomments&post=12"}],"version-history":[{"count":4,"href":"http:\/\/www.kapap-czech.cz\/index.php?rest_route=\/wp\/v2\/posts\/12\/revisions"}],"predecessor-version":[{"id":93,"href":"http:\/\/www.kapap-czech.cz\/index.php?rest_route=\/wp\/v2\/posts\/12\/revisions\/93"}],"wp:attachment":[{"href":"http:\/\/www.kapap-czech.cz\/index.php?rest_route=%2Fwp%2Fv2%2Fmedia&parent=12"}],"wp:term":[{"taxonomy":"category","embeddable":true,"href":"http:\/\/www.kapap-czech.cz\/index.php?rest_route=%2Fwp%2Fv2%2Fcategories&post=12"},{"taxonomy":"post_tag","embeddable":true,"href":"http:\/\/www.kapap-czech.cz\/index.php?rest_route=%2Fwp%2Fv2%2Ftags&post=12"}],"curies":[{"name":"wp","href":"https:\/\/api.w.org\/{rel}","templated":true}]}}