{"id":1205,"date":"2019-11-30T21:19:19","date_gmt":"2019-11-30T20:19:19","guid":{"rendered":"http:\/\/www.kapap-czech.cz\/?p=1205"},"modified":"2019-11-30T21:19:21","modified_gmt":"2019-11-30T20:19:21","slug":"v-horovicich-probehl-skvely-seminar-30-11-2019","status":"publish","type":"post","link":"http:\/\/www.kapap-czech.cz\/?p=1205","title":{"rendered":"V Ho\u0159ovic\u00edch prob\u011bhl skv\u011bl\u00fd semin\u00e1\u0159 (30\/11\/2019)"},"content":{"rendered":"\n<figure class=\"wp-block-image\"><img loading=\"lazy\" width=\"1024\" height=\"595\" src=\"http:\/\/www.kapap-czech.cz\/wp-content\/uploads\/2019\/11\/191130_HOROVICE_seminar_all-1024x595.jpg\" alt=\"HO\u0158OVICE: Opakovac\u00ed semin\u00e1\u0159 KAPAP pro d\u011bti i dosp\u011bl\u00e9 (30\/11\/2019)\" class=\"wp-image-1204\" srcset=\"http:\/\/www.kapap-czech.cz\/wp-content\/uploads\/2019\/11\/191130_HOROVICE_seminar_all-1024x595.jpg 1024w, http:\/\/www.kapap-czech.cz\/wp-content\/uploads\/2019\/11\/191130_HOROVICE_seminar_all-300x174.jpg 300w, http:\/\/www.kapap-czech.cz\/wp-content\/uploads\/2019\/11\/191130_HOROVICE_seminar_all-768x446.jpg 768w\" sizes=\"(max-width: 767px) 89vw, (max-width: 1000px) 54vw, (max-width: 1071px) 543px, 580px\" \/><figcaption>HO\u0158OVICE: Opakovac\u00ed semin\u00e1\u0159 KAPAP pro d\u011bti i dosp\u011bl\u00e9 (30\/11\/2019)<\/figcaption><\/figure>\n\n\n\n<p>V sobotu 30.11.2019 prob\u011bhl v Ho\u0159ovic\u00edch opakovac\u00ed semin\u00e1\u0159 KRAV MAGA &amp; KAPAP, kter\u00e9ho se z\u00fa\u010dastnilo celkem 26 cvi\u010denc\u016f &#8211; d\u011bt\u00ed i dosp\u011bl\u00fdch. <\/p>\n\n\n\n<p>Hlavn\u00ed \u00fa\u010dast byla od m\u00edstn\u00edch cvi\u010denc\u016f, ale dorazilo i jedno auto cvi\u010denc\u016f z P\u0159\u00edbrami, i z\u00e1stupce ze Sedl\u010dan \u010di cvi\u010denkyn\u011b z Plzn\u011b a Berouna. <\/p>\n\n\n\n<p>Semin\u00e1\u0159 byl pod tren\u00e9rsk\u00fdm veden\u00edm ho\u0159ovick\u00e9ho tren\u00e9ra Fandy Z\u00edky a za pomoci jeho prav\u00e9 ruky &#8211; asistenta Vl\u00e1\u010fi Novotn\u00e9ho. Velk\u00fd po\u010det \u00fa\u010dastn\u00edk\u016f v na\u0161\u00ed nejmen\u0161\u00ed lokalit\u011b ukazuje, \u017ee o na\u0161e v\u00fdcviky je st\u00e1le rostouc\u00ed z\u00e1jem. <\/p>\n\n\n\n<p>Tren\u00e9\u0159i se cvi\u010denci v prvn\u00ed p\u016fli probrali ve\u0161ker\u00e9 \u00fadery, kryty a kopy z\u00e1kladn\u00edho levelu KAPAP BASIC a ve druh\u00e9 polovin\u011b se zam\u011b\u0159ili na p\u00e1dovou pr\u016fpravu a technick\u00e9 aplikace \/ chvatov\u00e9 techniky. <\/p>\n\n\n\n<p>V\u011b\u0159\u00edme, \u017ee se semin\u00e1\u0159 l\u00edbil a t\u011b\u0161\u00edme se na dal\u0161\u00ed akce. D\u011bkujeme v\u0161em za \u00fa\u010dast a nasazen\u00ed v\u0161em z\u00fa\u010dastn\u011bn\u00fdm.<\/p>\n","protected":false},"excerpt":{"rendered":"<p>V sobotu 30.11.2019 prob\u011bhl v Ho\u0159ovic\u00edch opakovac\u00ed semin\u00e1\u0159 KRAV MAGA &amp; KAPAP, kter\u00e9ho se z\u00fa\u010dastnilo celkem 26 cvi\u010denc\u016f &#8211; d\u011bt\u00ed i dosp\u011bl\u00fdch. Hlavn\u00ed \u00fa\u010dast byla od m\u00edstn\u00edch cvi\u010denc\u016f, ale dorazilo i jedno auto cvi\u010denc\u016f z P\u0159\u00edbrami, i z\u00e1stupce ze Sedl\u010dan \u010di cvi\u010denkyn\u011b z Plzn\u011b a Berouna. Semin\u00e1\u0159 byl pod tren\u00e9rsk\u00fdm veden\u00edm ho\u0159ovick\u00e9ho tren\u00e9ra Fandy Z\u00edky &hellip; <\/p>\n<p class=\"link-more\"><a href=\"http:\/\/www.kapap-czech.cz\/?p=1205\" class=\"more-link\">Pokra\u010dovat ve \u010dten\u00ed<span class=\"screen-reader-text\"> &#8222;V Ho\u0159ovic\u00edch prob\u011bhl skv\u011bl\u00fd semin\u00e1\u0159 (30\/11\/2019)&#8220;<\/span><\/a><\/p>\n","protected":false},"author":1,"featured_media":0,"comment_status":"closed","ping_status":"closed","sticky":false,"template":"","format":"standard","meta":[],"categories":[1],"tags":[],"aioseo_notices":[],"_links":{"self":[{"href":"http:\/\/www.kapap-czech.cz\/index.php?rest_route=\/wp\/v2\/posts\/1205"}],"collection":[{"href":"http:\/\/www.kapap-czech.cz\/index.php?rest_route=\/wp\/v2\/posts"}],"about":[{"href":"http:\/\/www.kapap-czech.cz\/index.php?rest_route=\/wp\/v2\/types\/post"}],"author":[{"embeddable":true,"href":"http:\/\/www.kapap-czech.cz\/index.php?rest_route=\/wp\/v2\/users\/1"}],"replies":[{"embeddable":true,"href":"http:\/\/www.kapap-czech.cz\/index.php?rest_route=%2Fwp%2Fv2%2Fcomments&post=1205"}],"version-history":[{"count":1,"href":"http:\/\/www.kapap-czech.cz\/index.php?rest_route=\/wp\/v2\/posts\/1205\/revisions"}],"predecessor-version":[{"id":1206,"href":"http:\/\/www.kapap-czech.cz\/index.php?rest_route=\/wp\/v2\/posts\/1205\/revisions\/1206"}],"wp:attachment":[{"href":"http:\/\/www.kapap-czech.cz\/index.php?rest_route=%2Fwp%2Fv2%2Fmedia&parent=1205"}],"wp:term":[{"taxonomy":"category","embeddable":true,"href":"http:\/\/www.kapap-czech.cz\/index.php?rest_route=%2Fwp%2Fv2%2Fcategories&post=1205"},{"taxonomy":"post_tag","embeddable":true,"href":"http:\/\/www.kapap-czech.cz\/index.php?rest_route=%2Fwp%2Fv2%2Ftags&post=1205"}],"curies":[{"name":"wp","href":"https:\/\/api.w.org\/{rel}","templated":true}]}}