{"id":1209,"date":"2019-12-01T22:15:03","date_gmt":"2019-12-01T21:15:03","guid":{"rendered":"http:\/\/www.kapap-czech.cz\/?p=1209"},"modified":"2019-12-01T22:15:05","modified_gmt":"2019-12-01T21:15:05","slug":"dobris-pribram-kurzy-sebeobrany-zen-3-1-12-2019","status":"publish","type":"post","link":"http:\/\/www.kapap-czech.cz\/?p=1209","title":{"rendered":"DOB\u0158\u00cd\u0160 &#038; P\u0158\u00cdBRAM: Kurzy sebeobrany \u017een 3. (1\/12\/2019)"},"content":{"rendered":"\n<ul class=\"wp-container-2 wp-block-gallery-1 wp-block-gallery columns-2 is-cropped\"><li class=\"blocks-gallery-item\"><figure><img loading=\"lazy\" width=\"1024\" height=\"965\" src=\"http:\/\/www.kapap-czech.cz\/wp-content\/uploads\/2019\/12\/X191201_Dobris_woman_all-1024x965.jpg\" alt=\"DOB\u0158\u00cd\u0160: Kurz sebeobrany \u017een 3. (1\/12\/2019)\" data-id=\"1208\" data-link=\"http:\/\/www.kapap-czech.cz\/?attachment_id=1208\" class=\"wp-image-1208\" srcset=\"http:\/\/www.kapap-czech.cz\/wp-content\/uploads\/2019\/12\/X191201_Dobris_woman_all-1024x965.jpg 1024w, http:\/\/www.kapap-czech.cz\/wp-content\/uploads\/2019\/12\/X191201_Dobris_woman_all-300x283.jpg 300w, http:\/\/www.kapap-czech.cz\/wp-content\/uploads\/2019\/12\/X191201_Dobris_woman_all-768x724.jpg 768w\" sizes=\"(max-width: 767px) 89vw, (max-width: 1000px) 54vw, (max-width: 1071px) 543px, 580px\" \/><figcaption>DOB\u0158\u00cd\u0160: Kurz sebeobrany \u017een 3. (1\/12\/2019)<\/figcaption><\/figure><\/li><li class=\"blocks-gallery-item\"><figure><img loading=\"lazy\" width=\"1024\" height=\"865\" src=\"http:\/\/www.kapap-czech.cz\/wp-content\/uploads\/2019\/12\/191201_APribram_woman_all-1024x865.jpg\" alt=\"P\u0158\u00cdBRAM: Kurz sebeobrany \u017een 3. (1\/12\/2019)\" data-id=\"1207\" data-link=\"http:\/\/www.kapap-czech.cz\/?attachment_id=1207\" class=\"wp-image-1207\" srcset=\"http:\/\/www.kapap-czech.cz\/wp-content\/uploads\/2019\/12\/191201_APribram_woman_all-1024x865.jpg 1024w, http:\/\/www.kapap-czech.cz\/wp-content\/uploads\/2019\/12\/191201_APribram_woman_all-300x253.jpg 300w, http:\/\/www.kapap-czech.cz\/wp-content\/uploads\/2019\/12\/191201_APribram_woman_all-768x648.jpg 768w\" sizes=\"(max-width: 767px) 89vw, (max-width: 1000px) 54vw, (max-width: 1071px) 543px, 580px\" \/><figcaption>P\u0158\u00cdBRAM: Kurz sebeobrany \u017een 3. (1\/12\/2019)<\/figcaption><\/figure><\/li><\/ul>\n\n\n\n<p>T\u0159et\u00ed b\u011bh kurz\u016f sebeobrany \u017een, bohu\u017eel vy\u0161el na 1. adventn\u00ed ned\u011bli, ale i p\u0159es obavy z mal\u00e9ho po\u010dtu \u00fa\u010dastnic se zaregistroval a do\u0161el b\u011b\u017en\u00fd pr\u016fm\u011br. Za\u010dali jsme na Dob\u0159\u00ed\u0161i v po\u010dtu 10 \u00fa\u010dastnic a pokra\u010dovali v P\u0159\u00edbrami s dal\u0161\u00edmi 15 \u017eenami. <\/p>\n\n\n\n<p>T\u00e9matem kurzu byly sexu\u00e1ln\u00ed \u00fatoky, tak\u017ee jsme se bavili o jak\u00fdkoliv napaden\u00edch, kter\u00e9 napl\u0148uj\u00ed skutkovou podstatu trestn\u00e9ho \u010dinu zn\u00e1siln\u011bn\u00ed (paragraf 185 trestn\u00edho \u0159\u00e1du) a  \u0159e\u0161ili obranu proti takov\u00fdm \u00fatok\u016fm. <\/p>\n\n\n\n<p>Nejprve ve stoji, v druh\u00e9 p\u016fli jsme p\u0159e\u0161li na zem a \u0159e\u0161ili situace, kdy \u00fato\u010dn\u00edk poval\u00ed ob\u011b\u0165 na z\u00e1da a ta se m\u00e1 br\u00e1nit v t\u00e9to nev\u00fdhodn\u00e9 situaci. \u00da\u010dastnice zjistily, \u017ee je v\u00fdhodn\u011bj\u0161\u00ed pou\u017e\u00edvat nohy a tak v z\u00e1v\u011bre\u010dn\u00e9m souboji s instruktorem vybaven\u00fdm ochrann\u00fdm oblekem, p\u0159ilbou, suspenzorem a rukavicemi, mohly upustit ve\u0161ker\u00e1 z\u00e1brany a bojovat jako lvice. <\/p>\n\n\n\n<p>D\u011bkujeme v\u0161em 25 \u00fa\u010dastnic\u00edm v obou kurzech a t\u011b\u0161\u00edme se na dal\u0161\u00ed kurz, kter\u00fd se kon\u00e1 prvn\u00ed novoro\u010dn\u00ed ned\u011bli 5.1.2020 na t\u00e9ma &#8222;napaden\u00ed ze z\u00e1lohy&#8220;.<\/p>\n","protected":false},"excerpt":{"rendered":"<p>T\u0159et\u00ed b\u011bh kurz\u016f sebeobrany \u017een, bohu\u017eel vy\u0161el na 1. adventn\u00ed ned\u011bli, ale i p\u0159es obavy z mal\u00e9ho po\u010dtu \u00fa\u010dastnic se zaregistroval a do\u0161el b\u011b\u017en\u00fd pr\u016fm\u011br. Za\u010dali jsme na Dob\u0159\u00ed\u0161i v po\u010dtu 10 \u00fa\u010dastnic a pokra\u010dovali v P\u0159\u00edbrami s dal\u0161\u00edmi 15 \u017eenami. T\u00e9matem kurzu byly sexu\u00e1ln\u00ed \u00fatoky, tak\u017ee jsme se bavili o jak\u00fdkoliv napaden\u00edch, kter\u00e9 napl\u0148uj\u00ed &hellip; <\/p>\n<p class=\"link-more\"><a href=\"http:\/\/www.kapap-czech.cz\/?p=1209\" class=\"more-link\">Pokra\u010dovat ve \u010dten\u00ed<span class=\"screen-reader-text\"> &#8222;DOB\u0158\u00cd\u0160 &#038; P\u0158\u00cdBRAM: Kurzy sebeobrany \u017een 3. (1\/12\/2019)&#8220;<\/span><\/a><\/p>\n","protected":false},"author":1,"featured_media":0,"comment_status":"closed","ping_status":"closed","sticky":false,"template":"","format":"standard","meta":[],"categories":[1],"tags":[],"aioseo_notices":[],"_links":{"self":[{"href":"http:\/\/www.kapap-czech.cz\/index.php?rest_route=\/wp\/v2\/posts\/1209"}],"collection":[{"href":"http:\/\/www.kapap-czech.cz\/index.php?rest_route=\/wp\/v2\/posts"}],"about":[{"href":"http:\/\/www.kapap-czech.cz\/index.php?rest_route=\/wp\/v2\/types\/post"}],"author":[{"embeddable":true,"href":"http:\/\/www.kapap-czech.cz\/index.php?rest_route=\/wp\/v2\/users\/1"}],"replies":[{"embeddable":true,"href":"http:\/\/www.kapap-czech.cz\/index.php?rest_route=%2Fwp%2Fv2%2Fcomments&post=1209"}],"version-history":[{"count":1,"href":"http:\/\/www.kapap-czech.cz\/index.php?rest_route=\/wp\/v2\/posts\/1209\/revisions"}],"predecessor-version":[{"id":1210,"href":"http:\/\/www.kapap-czech.cz\/index.php?rest_route=\/wp\/v2\/posts\/1209\/revisions\/1210"}],"wp:attachment":[{"href":"http:\/\/www.kapap-czech.cz\/index.php?rest_route=%2Fwp%2Fv2%2Fmedia&parent=1209"}],"wp:term":[{"taxonomy":"category","embeddable":true,"href":"http:\/\/www.kapap-czech.cz\/index.php?rest_route=%2Fwp%2Fv2%2Fcategories&post=1209"},{"taxonomy":"post_tag","embeddable":true,"href":"http:\/\/www.kapap-czech.cz\/index.php?rest_route=%2Fwp%2Fv2%2Ftags&post=1209"}],"curies":[{"name":"wp","href":"https:\/\/api.w.org\/{rel}","templated":true}]}}