{"id":1337,"date":"2020-03-04T00:17:33","date_gmt":"2020-03-03T23:17:33","guid":{"rendered":"http:\/\/www.kapap-czech.cz\/?p=1337"},"modified":"2020-03-04T00:20:31","modified_gmt":"2020-03-03T23:20:31","slug":"kapap-czech-dela-prvni-seminare-v-beroune-i-benesove-7-8-3-2020","status":"publish","type":"post","link":"http:\/\/www.kapap-czech.cz\/?p=1337","title":{"rendered":"KAPAP CZECH d\u011bl\u00e1 prvn\u00ed semin\u00e1\u0159e v Beroun\u011b i Bene\u0161ov\u011b (7-8\/3\/2020)"},"content":{"rendered":"\n<p>Bl\u00ed\u017e\u00ed se n\u00e1m prvn\u00ed cel\u00fd b\u0159eznov\u00fd v\u00edkend a s n\u00edm i prvn\u00ed semin\u00e1\u0159e KAPAP CZECH v Beroun\u011b a Bene\u0161ov\u011b. V obou lokalit\u00e1ch Instruktor Mike v letech 2011-2012 zalo\u017eil pravideln\u00e9 tr\u00e9ninky Krav Maga &#8211; KAPAP, tehdy pod hlavi\u010dkou p\u016fvodn\u00e9ho ob\u010dansk\u00e9ho sdru\u017een\u00ed \u010cAKMK. <\/p>\n\n\n\n<ul class=\"wp-container-2 wp-block-gallery-1 wp-block-gallery columns-2 is-cropped\"><li class=\"blocks-gallery-item\"><figure><img loading=\"lazy\" width=\"450\" height=\"300\" src=\"http:\/\/www.kapap-czech.cz\/wp-content\/uploads\/2020\/03\/benesov_sokolovna.jpg\" alt=\"BENE\u0160OV, Sokolovna\" data-id=\"1340\" data-link=\"http:\/\/www.kapap-czech.cz\/?attachment_id=1340\" class=\"wp-image-1340\" srcset=\"http:\/\/www.kapap-czech.cz\/wp-content\/uploads\/2020\/03\/benesov_sokolovna.jpg 450w, http:\/\/www.kapap-czech.cz\/wp-content\/uploads\/2020\/03\/benesov_sokolovna-300x200.jpg 300w\" sizes=\"(max-width: 450px) 100vw, 450px\" \/><figcaption>BENE\u0160OV, Sokolovna<\/figcaption><\/figure><\/li><li class=\"blocks-gallery-item\"><figure><img loading=\"lazy\" width=\"1024\" height=\"768\" src=\"http:\/\/www.kapap-czech.cz\/wp-content\/uploads\/2020\/03\/beroun-zs-wagnerovo-nam-1024x768.jpg\" alt=\"BEROUN, Z\u0160 W\u00e1gnerovo n\u00e1m\u011bst\u00ed\" data-id=\"1339\" data-link=\"http:\/\/www.kapap-czech.cz\/?attachment_id=1339\" class=\"wp-image-1339\" srcset=\"http:\/\/www.kapap-czech.cz\/wp-content\/uploads\/2020\/03\/beroun-zs-wagnerovo-nam.jpg 1024w, http:\/\/www.kapap-czech.cz\/wp-content\/uploads\/2020\/03\/beroun-zs-wagnerovo-nam-300x225.jpg 300w, http:\/\/www.kapap-czech.cz\/wp-content\/uploads\/2020\/03\/beroun-zs-wagnerovo-nam-768x576.jpg 768w\" sizes=\"(max-width: 767px) 89vw, (max-width: 1000px) 54vw, (max-width: 1071px) 543px, 580px\" \/><figcaption>BEROUN, Z\u0160 W\u00e1gnerovo n\u00e1m\u011bst\u00ed<\/figcaption><\/figure><\/li><\/ul>\n\n\n\n<p>V sobotu 7\/3\/2020 prob\u011bhnou 2 semin\u00e1\u0159e v BENE\u0160OV\u011a u Prahy, v m\u00edstn\u00ed sokolovn\u011b. <\/p>\n\n\n\n<ul><li>14.00 &#8211; 15.55 &#8211; Kurz sebeobrany \u017een (KAPAP WOMAN)<\/li><li>16.00 &#8211; 18.00 &#8211; Ve\u0159ejn\u00fd semin\u00e1\u0159 izraelsk\u00e9 sebeobrany KAPAP pro ka\u017ed\u00e9ho<\/li><\/ul>\n\n\n\n<p>V ned\u011bli 8\/3\/2020 prob\u011bhnou 2 semin\u00e1\u0159e v BEROUN\u011a, konkr\u00e9tn\u011b v t\u011blocvi\u010dn\u011b 3.Z\u0160, W\u00e1gnerovo n\u00e1m\u011bst\u00ed. <\/p>\n\n\n\n<ul><li>13.00 &#8211; 15.00 &#8211; Kurz sebeobrany \u017een (KAPAP WOMAN)<\/li><li>15.00 &#8211; 17.00 &#8211; Ve\u0159ejn\u00fd semin\u00e1\u0159 izraelsk\u00e9 sebeobrany KAPAP pro ka\u017ed\u00e9ho<\/li><\/ul>\n\n\n\n<p>Pro \u00fa\u010dast je nutn\u00e1 registrace zde:  <a href=\"http:\/\/www.kapap-czech.cz\/?page_id=81\">http:\/\/www.kapap-czech.cz\/?page_id=81<\/a> <\/p>\n","protected":false},"excerpt":{"rendered":"<p>Bl\u00ed\u017e\u00ed se n\u00e1m prvn\u00ed cel\u00fd b\u0159eznov\u00fd v\u00edkend a s n\u00edm i prvn\u00ed semin\u00e1\u0159e KAPAP CZECH v Beroun\u011b a Bene\u0161ov\u011b. V obou lokalit\u00e1ch Instruktor Mike v letech 2011-2012 zalo\u017eil pravideln\u00e9 tr\u00e9ninky Krav Maga &#8211; KAPAP, tehdy pod hlavi\u010dkou p\u016fvodn\u00e9ho ob\u010dansk\u00e9ho sdru\u017een\u00ed \u010cAKMK. V sobotu 7\/3\/2020 prob\u011bhnou 2 semin\u00e1\u0159e v BENE\u0160OV\u011a u Prahy, v m\u00edstn\u00ed sokolovn\u011b. 14.00 &hellip; <\/p>\n<p class=\"link-more\"><a href=\"http:\/\/www.kapap-czech.cz\/?p=1337\" class=\"more-link\">Pokra\u010dovat ve \u010dten\u00ed<span class=\"screen-reader-text\"> &#8222;KAPAP CZECH d\u011bl\u00e1 prvn\u00ed semin\u00e1\u0159e v Beroun\u011b i Bene\u0161ov\u011b (7-8\/3\/2020)&#8220;<\/span><\/a><\/p>\n","protected":false},"author":1,"featured_media":0,"comment_status":"closed","ping_status":"closed","sticky":false,"template":"","format":"standard","meta":[],"categories":[1],"tags":[],"aioseo_notices":[],"_links":{"self":[{"href":"http:\/\/www.kapap-czech.cz\/index.php?rest_route=\/wp\/v2\/posts\/1337"}],"collection":[{"href":"http:\/\/www.kapap-czech.cz\/index.php?rest_route=\/wp\/v2\/posts"}],"about":[{"href":"http:\/\/www.kapap-czech.cz\/index.php?rest_route=\/wp\/v2\/types\/post"}],"author":[{"embeddable":true,"href":"http:\/\/www.kapap-czech.cz\/index.php?rest_route=\/wp\/v2\/users\/1"}],"replies":[{"embeddable":true,"href":"http:\/\/www.kapap-czech.cz\/index.php?rest_route=%2Fwp%2Fv2%2Fcomments&post=1337"}],"version-history":[{"count":2,"href":"http:\/\/www.kapap-czech.cz\/index.php?rest_route=\/wp\/v2\/posts\/1337\/revisions"}],"predecessor-version":[{"id":1341,"href":"http:\/\/www.kapap-czech.cz\/index.php?rest_route=\/wp\/v2\/posts\/1337\/revisions\/1341"}],"wp:attachment":[{"href":"http:\/\/www.kapap-czech.cz\/index.php?rest_route=%2Fwp%2Fv2%2Fmedia&parent=1337"}],"wp:term":[{"taxonomy":"category","embeddable":true,"href":"http:\/\/www.kapap-czech.cz\/index.php?rest_route=%2Fwp%2Fv2%2Fcategories&post=1337"},{"taxonomy":"post_tag","embeddable":true,"href":"http:\/\/www.kapap-czech.cz\/index.php?rest_route=%2Fwp%2Fv2%2Ftags&post=1337"}],"curies":[{"name":"wp","href":"https:\/\/api.w.org\/{rel}","templated":true}]}}