{"id":1459,"date":"2020-07-06T23:02:32","date_gmt":"2020-07-06T22:02:32","guid":{"rendered":"http:\/\/www.kapap-czech.cz\/?p=1459"},"modified":"2020-07-06T23:02:36","modified_gmt":"2020-07-06T22:02:36","slug":"kapap-kde-se-v-lete-cvici","status":"publish","type":"post","link":"http:\/\/www.kapap-czech.cz\/?p=1459","title":{"rendered":"KAPAP &#8211; kde se v l\u00e9t\u011b cvi\u010d\u00ed?"},"content":{"rendered":"\n<p>Pr\u00e1zdniny i dovolenky za\u010daly, tak\u017ee i cel\u00e1 KAPAP CZECH p\u0159e\u0161la na pr\u00e1zdninov\u00fdc re\u017eim. A proto\u017ee se mno\u017e\u00ed dotazy, kde a jak p\u0159es l\u00e9to cvi\u010d\u00edme, tak p\u0159in\u00e1\u0161\u00edm stru\u010dn\u00fd p\u0159ehled. <\/p>\n\n\n\n<ol><li>POND\u011aL\u00cd<ul><li>HO\u0158OVICE &#8211; od 18.00 sraz u parku Dra\u017eovka \/ Wellness Dra\u017eovka &#8211; vede: Instruktor Fanda Z\u00edka<\/li><li>MILEVSKO &#8211; od 19.00 park Ba\u017eantnice &#8211; vede: Instruktor Petr Bure\u0161<\/li><\/ul><\/li><li>\u00daTER\u00dd<ul><li>P\u0158\u00cdBRAM &#8211; od 18.30 na Boxerna, Mixova 165 &#8211; vede: Instruktor Tade\u00e1\u0161 \u010cernohous<\/li><\/ul><\/li><li>ST\u0158EDA<ul><li>DOB\u0158\u00cd\u0160 &#8211; od 19.00 na T\u011blocvi\u010dna Rukavice, t\u00e9matick\u00e9 tr\u00e9ninky &#8211; vede: Instruktor Mike<\/li><\/ul><\/li><li>\u010cTVRTEK<ul><li>P\u0158\u00cdBRAM &#8211; od 19.00 na Boxerna, Mixova 165 &#8211; vede: Instruktor Tade\u00e1\u0161<\/li><li>SLAN\u00dd &#8211; od 19.00 na h\u0159i\u0161ti u vod\u00e1rny \/ skateparku &#8211; vede: Instruktor Mira Kunst<\/li><\/ul><\/li><li>P\u00c1TEK<ul><li>DOB\u0158\u00cd\u0160 &#8211; od 18.00 na T\u011blocvi\u010dna Rukavice, nepravideln\u00e9 tr\u00e9ninky boje no\u017eem &#8211; vede: Instruktor Mike (ide\u00e1ln\u011b na dotaz)<\/li><\/ul><\/li><\/ol>\n\n\n\n<p>V lokalit\u00e1ch CHEB, CHOMUTOV, LOUNY, P\u00cdSEK prob\u00edhaj\u00ed tr\u00e9ninky po domluv\u011b s m\u00edstn\u00edm tren\u00e9rem. <\/p>\n\n\n\n<p>Lokality SEDL\u010cANY, HRADEC KR\u00c1LOV\u00c9, PLZE\u0147 a BRNO maj\u00ed po zku\u0161enostech pr\u00e1zdninovou pauzu. <\/p>\n\n\n\n<ul class=\"wp-container-2 wp-block-gallery-1 wp-block-gallery columns-2 is-cropped\"><li class=\"blocks-gallery-item\"><figure><img loading=\"lazy\" width=\"621\" height=\"435\" src=\"http:\/\/www.kapap-czech.cz\/wp-content\/uploads\/2020\/07\/200706_horovice_letni_trenink_s_fandou2.jpg\" alt=\"HO\u0158OVICE: Letn\u00ed tr\u00e9nink s Fandou (6\/7\/2020)\" data-id=\"1458\" data-link=\"http:\/\/www.kapap-czech.cz\/?attachment_id=1458\" class=\"wp-image-1458\" srcset=\"http:\/\/www.kapap-czech.cz\/wp-content\/uploads\/2020\/07\/200706_horovice_letni_trenink_s_fandou2.jpg 621w, http:\/\/www.kapap-czech.cz\/wp-content\/uploads\/2020\/07\/200706_horovice_letni_trenink_s_fandou2-300x210.jpg 300w\" sizes=\"(max-width: 621px) 100vw, 621px\" \/><figcaption>HO\u0158OVICE: Letn\u00ed tr\u00e9nink s Fandou (6\/7\/2020)<\/figcaption><\/figure><\/li><li class=\"blocks-gallery-item\"><figure><img loading=\"lazy\" width=\"1024\" height=\"697\" src=\"http:\/\/www.kapap-czech.cz\/wp-content\/uploads\/2020\/07\/200706_horovice_letni_trenink_s_fandou1-1024x697.jpg\" alt=\"HO\u0158OVICE: Letn\u00ed tr\u00e9nink s Fandou (6\/7\/2020)\" data-id=\"1457\" data-link=\"http:\/\/www.kapap-czech.cz\/?attachment_id=1457\" class=\"wp-image-1457\" srcset=\"http:\/\/www.kapap-czech.cz\/wp-content\/uploads\/2020\/07\/200706_horovice_letni_trenink_s_fandou1-1024x697.jpg 1024w, http:\/\/www.kapap-czech.cz\/wp-content\/uploads\/2020\/07\/200706_horovice_letni_trenink_s_fandou1-300x204.jpg 300w, http:\/\/www.kapap-czech.cz\/wp-content\/uploads\/2020\/07\/200706_horovice_letni_trenink_s_fandou1-768x523.jpg 768w, http:\/\/www.kapap-czech.cz\/wp-content\/uploads\/2020\/07\/200706_horovice_letni_trenink_s_fandou1.jpg 1490w\" sizes=\"(max-width: 767px) 89vw, (max-width: 1000px) 54vw, (max-width: 1071px) 543px, 580px\" \/><figcaption>HO\u0158OVICE: Letn\u00ed tr\u00e9nink s Fandou (6\/7\/2020)<\/figcaption><\/figure><\/li><\/ul>\n","protected":false},"excerpt":{"rendered":"<p>Pr\u00e1zdniny i dovolenky za\u010daly, tak\u017ee i cel\u00e1 KAPAP CZECH p\u0159e\u0161la na pr\u00e1zdninov\u00fdc re\u017eim. A proto\u017ee se mno\u017e\u00ed dotazy, kde a jak p\u0159es l\u00e9to cvi\u010d\u00edme, tak p\u0159in\u00e1\u0161\u00edm stru\u010dn\u00fd p\u0159ehled. POND\u011aL\u00cd HO\u0158OVICE &#8211; od 18.00 sraz u parku Dra\u017eovka \/ Wellness Dra\u017eovka &#8211; vede: Instruktor Fanda Z\u00edka MILEVSKO &#8211; od 19.00 park Ba\u017eantnice &#8211; vede: Instruktor Petr &hellip; <\/p>\n<p class=\"link-more\"><a href=\"http:\/\/www.kapap-czech.cz\/?p=1459\" class=\"more-link\">Pokra\u010dovat ve \u010dten\u00ed<span class=\"screen-reader-text\"> &#8222;KAPAP &#8211; kde se v l\u00e9t\u011b cvi\u010d\u00ed?&#8220;<\/span><\/a><\/p>\n","protected":false},"author":1,"featured_media":0,"comment_status":"closed","ping_status":"closed","sticky":false,"template":"","format":"standard","meta":[],"categories":[1],"tags":[],"aioseo_notices":[],"_links":{"self":[{"href":"http:\/\/www.kapap-czech.cz\/index.php?rest_route=\/wp\/v2\/posts\/1459"}],"collection":[{"href":"http:\/\/www.kapap-czech.cz\/index.php?rest_route=\/wp\/v2\/posts"}],"about":[{"href":"http:\/\/www.kapap-czech.cz\/index.php?rest_route=\/wp\/v2\/types\/post"}],"author":[{"embeddable":true,"href":"http:\/\/www.kapap-czech.cz\/index.php?rest_route=\/wp\/v2\/users\/1"}],"replies":[{"embeddable":true,"href":"http:\/\/www.kapap-czech.cz\/index.php?rest_route=%2Fwp%2Fv2%2Fcomments&post=1459"}],"version-history":[{"count":2,"href":"http:\/\/www.kapap-czech.cz\/index.php?rest_route=\/wp\/v2\/posts\/1459\/revisions"}],"predecessor-version":[{"id":1545,"href":"http:\/\/www.kapap-czech.cz\/index.php?rest_route=\/wp\/v2\/posts\/1459\/revisions\/1545"}],"wp:attachment":[{"href":"http:\/\/www.kapap-czech.cz\/index.php?rest_route=%2Fwp%2Fv2%2Fmedia&parent=1459"}],"wp:term":[{"taxonomy":"category","embeddable":true,"href":"http:\/\/www.kapap-czech.cz\/index.php?rest_route=%2Fwp%2Fv2%2Fcategories&post=1459"},{"taxonomy":"post_tag","embeddable":true,"href":"http:\/\/www.kapap-czech.cz\/index.php?rest_route=%2Fwp%2Fv2%2Ftags&post=1459"}],"curies":[{"name":"wp","href":"https:\/\/api.w.org\/{rel}","templated":true}]}}