{"id":1718,"date":"2020-12-31T16:56:01","date_gmt":"2020-12-31T15:56:01","guid":{"rendered":"http:\/\/www.kapap-czech.cz\/?p=1718"},"modified":"2020-12-31T16:56:08","modified_gmt":"2020-12-31T15:56:08","slug":"pf-2021","status":"publish","type":"post","link":"http:\/\/www.kapap-czech.cz\/?p=1718","title":{"rendered":"PF 2021"},"content":{"rendered":"\n<p>V\u0161em sv\u00fdm p\u0159\u00e1tel\u016fm, sv\u00fdm tren\u00e9r\u016fm, rodi\u010d\u016fm na\u0161ich mal\u00fdch bojovn\u00edk\u016f a bojovnic, kamar\u00e1d\u016fm i nep\u0159\u00e1tel\u016fm &#8211; prost\u011b v\u0161em lidi\u010dk\u00e1m, p\u0159eju \u00fasp\u011b\u0161n\u00fd vstup do Nov\u00e9ho roku 2021 tou SPR\u00c1VNOU NOHOU a t\u011b\u0161\u00edm se na dal\u0161\u00ed inspirativn\u00ed setk\u00e1n\u00ed a spole\u010dn\u011b str\u00e1ven\u00e9 chv\u00edle s v\u00e1mi v\u0161emi. <\/p>\n\n\n\n<p>Rok 2020 byl netradi\u010dn\u011b n\u00e1ro\u010dn\u00fd a v\u0161ichni vyhl\u00ed\u017e\u00edme s novou nad\u011bj\u00ed ten &#8222;nov\u00fd rok&#8220; s jedni\u010dkou na konci a r\u00e1di bychom za rok \u0159ekli, \u017ee ta jedni\u010dka byla opravn\u011bn\u00e1. Tak\u017ee pozved\u00e1m \u010d\u00ed\u0161i a p\u0159ip\u00edj\u00edm na zdrav\u00ed, \u0161t\u011bst\u00ed a \u00fasp\u011bch n\u00e1s v\u0161ech v tom jedni\u010dkov\u00e9m roce 2021. A nejv\u00edce si p\u0159eju, a\u0165 se n\u00e1m v\u0161em da\u0159\u00ed, na co s\u00e1hneme.  <\/p>\n\n\n\n<figure class=\"wp-block-image\"><img loading=\"lazy\" width=\"610\" height=\"694\" src=\"http:\/\/www.kapap-czech.cz\/wp-content\/uploads\/2020\/12\/pf2021.jpg\" alt=\"PF 2021\" class=\"wp-image-1717\" srcset=\"http:\/\/www.kapap-czech.cz\/wp-content\/uploads\/2020\/12\/pf2021.jpg 610w, http:\/\/www.kapap-czech.cz\/wp-content\/uploads\/2020\/12\/pf2021-264x300.jpg 264w\" sizes=\"(max-width: 610px) 100vw, 610px\" \/><figcaption>PF 2021<\/figcaption><\/figure>\n","protected":false},"excerpt":{"rendered":"<p>V\u0161em sv\u00fdm p\u0159\u00e1tel\u016fm, sv\u00fdm tren\u00e9r\u016fm, rodi\u010d\u016fm na\u0161ich mal\u00fdch bojovn\u00edk\u016f a bojovnic, kamar\u00e1d\u016fm i nep\u0159\u00e1tel\u016fm &#8211; prost\u011b v\u0161em lidi\u010dk\u00e1m, p\u0159eju \u00fasp\u011b\u0161n\u00fd vstup do Nov\u00e9ho roku 2021 tou SPR\u00c1VNOU NOHOU a t\u011b\u0161\u00edm se na dal\u0161\u00ed inspirativn\u00ed setk\u00e1n\u00ed a spole\u010dn\u011b str\u00e1ven\u00e9 chv\u00edle s v\u00e1mi v\u0161emi. Rok 2020 byl netradi\u010dn\u011b n\u00e1ro\u010dn\u00fd a v\u0161ichni vyhl\u00ed\u017e\u00edme s novou nad\u011bj\u00ed ten &#8222;nov\u00fd &hellip; <\/p>\n<p class=\"link-more\"><a href=\"http:\/\/www.kapap-czech.cz\/?p=1718\" class=\"more-link\">Pokra\u010dovat ve \u010dten\u00ed<span class=\"screen-reader-text\"> &#8222;PF 2021&#8220;<\/span><\/a><\/p>\n","protected":false},"author":1,"featured_media":0,"comment_status":"closed","ping_status":"closed","sticky":false,"template":"","format":"standard","meta":[],"categories":[1],"tags":[],"aioseo_notices":[],"_links":{"self":[{"href":"http:\/\/www.kapap-czech.cz\/index.php?rest_route=\/wp\/v2\/posts\/1718"}],"collection":[{"href":"http:\/\/www.kapap-czech.cz\/index.php?rest_route=\/wp\/v2\/posts"}],"about":[{"href":"http:\/\/www.kapap-czech.cz\/index.php?rest_route=\/wp\/v2\/types\/post"}],"author":[{"embeddable":true,"href":"http:\/\/www.kapap-czech.cz\/index.php?rest_route=\/wp\/v2\/users\/1"}],"replies":[{"embeddable":true,"href":"http:\/\/www.kapap-czech.cz\/index.php?rest_route=%2Fwp%2Fv2%2Fcomments&post=1718"}],"version-history":[{"count":1,"href":"http:\/\/www.kapap-czech.cz\/index.php?rest_route=\/wp\/v2\/posts\/1718\/revisions"}],"predecessor-version":[{"id":1719,"href":"http:\/\/www.kapap-czech.cz\/index.php?rest_route=\/wp\/v2\/posts\/1718\/revisions\/1719"}],"wp:attachment":[{"href":"http:\/\/www.kapap-czech.cz\/index.php?rest_route=%2Fwp%2Fv2%2Fmedia&parent=1718"}],"wp:term":[{"taxonomy":"category","embeddable":true,"href":"http:\/\/www.kapap-czech.cz\/index.php?rest_route=%2Fwp%2Fv2%2Fcategories&post=1718"},{"taxonomy":"post_tag","embeddable":true,"href":"http:\/\/www.kapap-czech.cz\/index.php?rest_route=%2Fwp%2Fv2%2Ftags&post=1718"}],"curies":[{"name":"wp","href":"https:\/\/api.w.org\/{rel}","templated":true}]}}