{"id":1810,"date":"2021-05-02T23:03:54","date_gmt":"2021-05-02T22:03:54","guid":{"rendered":"http:\/\/www.kapap-czech.cz\/?p=1810"},"modified":"2021-05-02T23:04:30","modified_gmt":"2021-05-02T22:04:30","slug":"kapap-treninky-od-1-5-2021","status":"publish","type":"post","link":"http:\/\/www.kapap-czech.cz\/?p=1810","title":{"rendered":"KAPAP tr\u00e9ninky od 1\/5\/2021"},"content":{"rendered":"\n<p>D\u00edky postupn\u00e9mu rozvol\u0148ov\u00e1n\u00ed protiepidemiologick\u00fdch opat\u0159en\u00ed doch\u00e1z\u00ed ke zm\u011bn\u00e1m v tr\u00e9ninc\u00edch KAPAP od 1\/5\/2021. <\/p>\n\n\n\n<p>Tr\u00e9ninky postupn\u011b otv\u00edr\u00e1me. Bohu\u017eel, do t\u011blocvi\u010den \u0161kol a sokoloven, n\u00e1s zat\u00edm nikdo nevpust\u00ed, tak\u017ee mus\u00edme vz\u00edt za vd\u011bk alespo\u0148 venkovn\u00edmi tr\u00e9ninky. Pokud v\u00e1s neinformoval m\u00edstn\u00ed tren\u00e9r o tom &#8211; KDY, KDE A JAK, SE BUDE CVI\u010cIT &#8211; klidn\u011b se s dotazem obra\u0165te na m\u011b &#8211; hlavn\u00edho instruktora Mikea (605\/130057, mike @ kapap-czech.cz nebo Whatsapp \u010di Messenger).<\/p>\n\n\n\n<p>V oblasti ONLINE TR\u00c9NINK\u016e bude prob\u00edhat u\u017e jen 1 tr\u00e9nink t\u00fddn\u011b &#8211; KA\u017dD\u00c9 POND\u011aL\u00cd v \u010dase 18.00 &#8211; 18.50 pro v\u0161echny (d\u011bti i dosp\u011bl\u00e9). <\/p>\n\n\n\n<p>Pro p\u0159ipojen\u00ed na POND\u011aL\u00cd 3\/5\/2021 jsou p\u0159ipojovac\u00ed \u00fadaje zde: <\/p>\n\n\n\n<ul><li><a href=\"https:\/\/us02web.zoom.us\/j\/84323750642?pwd=TVRwY2tuQ0xUMzJuNjV5QXVsV25FQT09\">https:\/\/us02web.zoom.us\/j\/84323750642?pwd=TVRwY2tuQ0xUMzJuNjV5QXVsV25FQT09<\/a><\/li><li>(Meeting ID: 843 2375 0642 \/ Passcode: 134942) <\/li><\/ul>\n\n\n\n<p>Pro \u00fa\u010dast na v\u00edkendov\u00fdch semin\u00e1\u0159\u00edch se hlaste pod odkazem &#8222;<a href=\"http:\/\/www.kapap-czech.cz\/?page_id=81\">REGISTRACE NA AKCE<\/a>&#8222;. <\/p>\n\n\n\n<figure class=\"wp-block-image\"><img loading=\"lazy\" width=\"1024\" height=\"576\" src=\"http:\/\/www.kapap-czech.cz\/wp-content\/uploads\/2020\/08\/mapa-lokality-1024x576.jpg\" alt=\"Lokality KAPAP CZECH (z\u00e1\u0159\u00ed 2020)\" class=\"wp-image-1510\" srcset=\"http:\/\/www.kapap-czech.cz\/wp-content\/uploads\/2020\/08\/mapa-lokality-1024x576.jpg 1024w, http:\/\/www.kapap-czech.cz\/wp-content\/uploads\/2020\/08\/mapa-lokality-300x169.jpg 300w, http:\/\/www.kapap-czech.cz\/wp-content\/uploads\/2020\/08\/mapa-lokality-768x432.jpg 768w, http:\/\/www.kapap-czech.cz\/wp-content\/uploads\/2020\/08\/mapa-lokality.jpg 1536w\" sizes=\"(max-width: 767px) 89vw, (max-width: 1000px) 54vw, (max-width: 1071px) 543px, 580px\" \/><figcaption>Lokality KAPAP CZECH (z\u00e1\u0159\u00ed 2020)<\/figcaption><\/figure>\n","protected":false},"excerpt":{"rendered":"<p>D\u00edky postupn\u00e9mu rozvol\u0148ov\u00e1n\u00ed protiepidemiologick\u00fdch opat\u0159en\u00ed doch\u00e1z\u00ed ke zm\u011bn\u00e1m v tr\u00e9ninc\u00edch KAPAP od 1\/5\/2021. Tr\u00e9ninky postupn\u011b otv\u00edr\u00e1me. Bohu\u017eel, do t\u011blocvi\u010den \u0161kol a sokoloven, n\u00e1s zat\u00edm nikdo nevpust\u00ed, tak\u017ee mus\u00edme vz\u00edt za vd\u011bk alespo\u0148 venkovn\u00edmi tr\u00e9ninky. Pokud v\u00e1s neinformoval m\u00edstn\u00ed tren\u00e9r o tom &#8211; KDY, KDE A JAK, SE BUDE CVI\u010cIT &#8211; klidn\u011b se s dotazem obra\u0165te &hellip; <\/p>\n<p class=\"link-more\"><a href=\"http:\/\/www.kapap-czech.cz\/?p=1810\" class=\"more-link\">Pokra\u010dovat ve \u010dten\u00ed<span class=\"screen-reader-text\"> &#8222;KAPAP tr\u00e9ninky od 1\/5\/2021&#8220;<\/span><\/a><\/p>\n","protected":false},"author":1,"featured_media":0,"comment_status":"closed","ping_status":"closed","sticky":false,"template":"","format":"standard","meta":[],"categories":[1],"tags":[],"aioseo_notices":[],"_links":{"self":[{"href":"http:\/\/www.kapap-czech.cz\/index.php?rest_route=\/wp\/v2\/posts\/1810"}],"collection":[{"href":"http:\/\/www.kapap-czech.cz\/index.php?rest_route=\/wp\/v2\/posts"}],"about":[{"href":"http:\/\/www.kapap-czech.cz\/index.php?rest_route=\/wp\/v2\/types\/post"}],"author":[{"embeddable":true,"href":"http:\/\/www.kapap-czech.cz\/index.php?rest_route=\/wp\/v2\/users\/1"}],"replies":[{"embeddable":true,"href":"http:\/\/www.kapap-czech.cz\/index.php?rest_route=%2Fwp%2Fv2%2Fcomments&post=1810"}],"version-history":[{"count":2,"href":"http:\/\/www.kapap-czech.cz\/index.php?rest_route=\/wp\/v2\/posts\/1810\/revisions"}],"predecessor-version":[{"id":1813,"href":"http:\/\/www.kapap-czech.cz\/index.php?rest_route=\/wp\/v2\/posts\/1810\/revisions\/1813"}],"wp:attachment":[{"href":"http:\/\/www.kapap-czech.cz\/index.php?rest_route=%2Fwp%2Fv2%2Fmedia&parent=1810"}],"wp:term":[{"taxonomy":"category","embeddable":true,"href":"http:\/\/www.kapap-czech.cz\/index.php?rest_route=%2Fwp%2Fv2%2Fcategories&post=1810"},{"taxonomy":"post_tag","embeddable":true,"href":"http:\/\/www.kapap-czech.cz\/index.php?rest_route=%2Fwp%2Fv2%2Ftags&post=1810"}],"curies":[{"name":"wp","href":"https:\/\/api.w.org\/{rel}","templated":true}]}}