{"id":202,"date":"2018-07-11T13:38:28","date_gmt":"2018-07-11T13:38:28","guid":{"rendered":"http:\/\/www.kapap-czech.cz\/?p=202"},"modified":"2018-07-11T13:38:28","modified_gmt":"2018-07-11T13:38:28","slug":"kotvina-prezentace-na-ldt-ctu-velke-lucko-972018","status":"publish","type":"post","link":"http:\/\/www.kapap-czech.cz\/?p=202","title":{"rendered":"KOTVINA: Prezentace na LDT \u010cTU Velk\u00e9 Lucko (9\/7\/2018)"},"content":{"rendered":"<figure id=\"attachment_200\" aria-describedby=\"caption-attachment-200\" style=\"width: 640px\" class=\"wp-caption aligncenter\"><a href=\"http:\/\/www.kapap-czech.cz\/wp-content\/uploads\/2018\/07\/180709_ltd_ctu_kotvina.jpg\"><img loading=\"lazy\" class=\"size-large wp-image-200\" alt=\"9\/7\/2018 - Letn\u00ed t\u00e1bor \u010cT\u00da Kotvina (Kl\u00e1\u0161terecko)\" src=\"http:\/\/www.kapap-czech.cz\/wp-content\/uploads\/2018\/07\/180709_ltd_ctu_kotvina-1024x682.jpg\" width=\"640\" height=\"426\" srcset=\"http:\/\/www.kapap-czech.cz\/wp-content\/uploads\/2018\/07\/180709_ltd_ctu_kotvina-1024x682.jpg 1024w, http:\/\/www.kapap-czech.cz\/wp-content\/uploads\/2018\/07\/180709_ltd_ctu_kotvina-300x200.jpg 300w, http:\/\/www.kapap-czech.cz\/wp-content\/uploads\/2018\/07\/180709_ltd_ctu_kotvina.jpg 1149w\" sizes=\"(max-width: 640px) 100vw, 640px\" \/><\/a><figcaption id=\"caption-attachment-200\" class=\"wp-caption-text\">9\/7\/2018 &#8211; Letn\u00ed t\u00e1bor \u010cT\u00da Kotvina (Kl\u00e1\u0161terecko)<\/figcaption><\/figure>\n<p>V pond\u011bl\u00ed 9.7.2018 prob\u011bhla prezentace izraelsk\u00e9 sebeobrany KAPAP CZECH na letn\u00edm d\u011btsk\u00e9m t\u00e1bo\u0159e \u010cesk\u00e9 t\u00e1bornick\u00e9 unie Velk\u00e9 Lucko v Kotvin\u011b u Kl\u00e1\u0161terce nad Oh\u0159\u00ed.<br \/>\nAkci si vzali na starost Ale\u0161 Koub\u00edk z Loun, spole\u010dn\u011b se sv\u00fdmi kl\u00e1\u0161tereck\u00fdmi cvi\u010denci &#8211; Monika Ohemov\u00e1, Jan Baier a V\u00e1clav Lhotsk\u00fd.<br \/>\nAle\u0161 na \u00favod p\u0159edstavil organizaci KAPAP CZECH a n\u00e1sledn\u011b \u00fa\u010dastn\u00edky sezn\u00e1mil s re\u00e1lnou sebeobranu a jej\u00edmi principy.<br \/>\nD\u011bti si vyzkou\u0161ely \u00fadery, kryty, postoj a pohybov\u00e9 hry.<br \/>\nD\u011bkujeme t\u00edm za pozv\u00e1n\u00ed od organiz\u00e1tor\u016f t\u00e1bora, za pomoc cvi\u010denc\u016fm z lokality Kl\u00e1\u0161terec a za fotografie Lubo\u0161i Dvo\u0159\u00e1kovi. Snad jsme t\u00edmto zpest\u0159ili d\u011btem jejich pr\u00e1zdniny.<\/p>\n<figure id=\"attachment_201\" aria-describedby=\"caption-attachment-201\" style=\"width: 640px\" class=\"wp-caption aligncenter\"><a href=\"http:\/\/www.kapap-czech.cz\/wp-content\/uploads\/2018\/07\/180709_ltd_ctu_kotvina_ucast.jpg\"><img loading=\"lazy\" class=\"size-large wp-image-201\" alt=\"9\/7\/2018 - Letn\u00ed t\u00e1bor \u010cT\u00da Kotvina (Kl\u00e1\u0161terecko)\" src=\"http:\/\/www.kapap-czech.cz\/wp-content\/uploads\/2018\/07\/180709_ltd_ctu_kotvina_ucast-1024x683.jpg\" width=\"640\" height=\"426\" srcset=\"http:\/\/www.kapap-czech.cz\/wp-content\/uploads\/2018\/07\/180709_ltd_ctu_kotvina_ucast-1024x683.jpg 1024w, http:\/\/www.kapap-czech.cz\/wp-content\/uploads\/2018\/07\/180709_ltd_ctu_kotvina_ucast-300x200.jpg 300w, http:\/\/www.kapap-czech.cz\/wp-content\/uploads\/2018\/07\/180709_ltd_ctu_kotvina_ucast.jpg 1235w\" sizes=\"(max-width: 640px) 100vw, 640px\" \/><\/a><figcaption id=\"caption-attachment-201\" class=\"wp-caption-text\">9\/7\/2018 &#8211; Letn\u00ed t\u00e1bor \u010cT\u00da Kotvina (Kl\u00e1\u0161terecko)<\/figcaption><\/figure>\n","protected":false},"excerpt":{"rendered":"<p>V pond\u011bl\u00ed 9.7.2018 prob\u011bhla prezentace izraelsk\u00e9 sebeobrany KAPAP CZECH na letn\u00edm d\u011btsk\u00e9m t\u00e1bo\u0159e \u010cesk\u00e9 t\u00e1bornick\u00e9 unie Velk\u00e9 Lucko v Kotvin\u011b u Kl\u00e1\u0161terce nad Oh\u0159\u00ed. Akci si vzali na starost Ale\u0161 Koub\u00edk z Loun, spole\u010dn\u011b se sv\u00fdmi kl\u00e1\u0161tereck\u00fdmi cvi\u010denci &#8211; Monika Ohemov\u00e1, Jan Baier a V\u00e1clav Lhotsk\u00fd. Ale\u0161 na \u00favod p\u0159edstavil organizaci KAPAP CZECH a n\u00e1sledn\u011b &hellip; <\/p>\n<p class=\"link-more\"><a href=\"http:\/\/www.kapap-czech.cz\/?p=202\" class=\"more-link\">Pokra\u010dovat ve \u010dten\u00ed<span class=\"screen-reader-text\"> &#8222;KOTVINA: Prezentace na LDT \u010cTU Velk\u00e9 Lucko (9\/7\/2018)&#8220;<\/span><\/a><\/p>\n","protected":false},"author":1,"featured_media":0,"comment_status":"closed","ping_status":"closed","sticky":false,"template":"","format":"standard","meta":[],"categories":[1],"tags":[],"aioseo_notices":[],"_links":{"self":[{"href":"http:\/\/www.kapap-czech.cz\/index.php?rest_route=\/wp\/v2\/posts\/202"}],"collection":[{"href":"http:\/\/www.kapap-czech.cz\/index.php?rest_route=\/wp\/v2\/posts"}],"about":[{"href":"http:\/\/www.kapap-czech.cz\/index.php?rest_route=\/wp\/v2\/types\/post"}],"author":[{"embeddable":true,"href":"http:\/\/www.kapap-czech.cz\/index.php?rest_route=\/wp\/v2\/users\/1"}],"replies":[{"embeddable":true,"href":"http:\/\/www.kapap-czech.cz\/index.php?rest_route=%2Fwp%2Fv2%2Fcomments&post=202"}],"version-history":[{"count":1,"href":"http:\/\/www.kapap-czech.cz\/index.php?rest_route=\/wp\/v2\/posts\/202\/revisions"}],"predecessor-version":[{"id":203,"href":"http:\/\/www.kapap-czech.cz\/index.php?rest_route=\/wp\/v2\/posts\/202\/revisions\/203"}],"wp:attachment":[{"href":"http:\/\/www.kapap-czech.cz\/index.php?rest_route=%2Fwp%2Fv2%2Fmedia&parent=202"}],"wp:term":[{"taxonomy":"category","embeddable":true,"href":"http:\/\/www.kapap-czech.cz\/index.php?rest_route=%2Fwp%2Fv2%2Fcategories&post=202"},{"taxonomy":"post_tag","embeddable":true,"href":"http:\/\/www.kapap-czech.cz\/index.php?rest_route=%2Fwp%2Fv2%2Ftags&post=202"}],"curies":[{"name":"wp","href":"https:\/\/api.w.org\/{rel}","templated":true}]}}