{"id":229,"date":"2018-07-31T18:54:55","date_gmt":"2018-07-31T18:54:55","guid":{"rendered":"http:\/\/www.kapap-czech.cz\/?p=229"},"modified":"2018-07-31T18:59:26","modified_gmt":"2018-07-31T18:59:26","slug":"billboard-kapap-czech-3072018","status":"publish","type":"post","link":"http:\/\/www.kapap-czech.cz\/?p=229","title":{"rendered":"BILLBOARD KAPAP CZECH (30\/7\/2018)"},"content":{"rendered":"<figure id=\"attachment_227\" aria-describedby=\"caption-attachment-227\" style=\"width: 640px\" class=\"wp-caption aligncenter\"><a href=\"http:\/\/www.kapap-czech.cz\/wp-content\/uploads\/2018\/07\/DSC_0002.jpg\"><img loading=\"lazy\" class=\"size-large wp-image-227\" alt=\"Billboard KAPAP CZECH 2018 (Dob\u0159\u00ed\u0161)\" src=\"http:\/\/www.kapap-czech.cz\/wp-content\/uploads\/2018\/07\/DSC_0002-1024x576.jpg\" width=\"640\" height=\"360\" srcset=\"http:\/\/www.kapap-czech.cz\/wp-content\/uploads\/2018\/07\/DSC_0002-1024x576.jpg 1024w, http:\/\/www.kapap-czech.cz\/wp-content\/uploads\/2018\/07\/DSC_0002-300x168.jpg 300w\" sizes=\"(max-width: 640px) 100vw, 640px\" \/><\/a><figcaption id=\"caption-attachment-227\" class=\"wp-caption-text\">Billboard KAPAP CZECH 2018 (Dob\u0159\u00ed\u0161)<\/figcaption><\/figure>\n<p>N\u00e1borov\u00e1 kampa\u0148 odstartov\u00e1na, 1\/8\/2018 zve\u0159ejn\u00edme term\u00ednovku n\u00e1bor\u016f v jednotliv\u00fdch lokalit\u00e1ch, kde otv\u00edr\u00e1me pravideln\u00e9 tr\u00e9ninky pro dosp\u011bl\u00e9 \u010di d\u011bti. T\u011b\u0161\u00edm se na ka\u017ed\u00e9ho, kdo m\u00e1 z\u00e1jem se v\u011bnovat rozvoji ve siln\u00e9 a stabiln\u00ed s\u00edti \u0161kol izraelsk\u00e9 sebeobrany KAPAP CZECH (<a href=\"http:\/\/www.kapap-czech.cz\">www.kapap-czech.cz<\/a>).<br \/>\nA vyhla\u0161ujeme SOUT\u011a\u017d &#8211; kdo se vyfot\u00ed s na\u0161\u00edm billboardem a bude jej sd\u00edlet na sv\u00e9m FB profilu, dostane od n\u00e1s v r\u00e1mci n\u00e1bor\u016f D\u00c1REK!!! Tak p\u0159\u00e1tel\u00e9, fo\u0165te se a sd\u00edlejte.<\/p>\n<figure id=\"attachment_228\" aria-describedby=\"caption-attachment-228\" style=\"width: 640px\" class=\"wp-caption aligncenter\"><a href=\"http:\/\/www.kapap-czech.cz\/wp-content\/uploads\/2018\/07\/DSC_0007.jpg\"><img loading=\"lazy\" class=\"size-large wp-image-228\" alt=\"Instruktor Mike s billboardem KAPAP CZECH 2018 (Dob\u0159\u00ed\u0161)\" src=\"http:\/\/www.kapap-czech.cz\/wp-content\/uploads\/2018\/07\/DSC_0007-1024x576.jpg\" width=\"640\" height=\"360\" srcset=\"http:\/\/www.kapap-czech.cz\/wp-content\/uploads\/2018\/07\/DSC_0007-1024x576.jpg 1024w, http:\/\/www.kapap-czech.cz\/wp-content\/uploads\/2018\/07\/DSC_0007-300x168.jpg 300w\" sizes=\"(max-width: 640px) 100vw, 640px\" \/><\/a><figcaption id=\"caption-attachment-228\" class=\"wp-caption-text\">Instruktor Mike s billboardem KAPAP CZECH 2018 (Dob\u0159\u00ed\u0161)<\/figcaption><\/figure>\n","protected":false},"excerpt":{"rendered":"<p>N\u00e1borov\u00e1 kampa\u0148 odstartov\u00e1na, 1\/8\/2018 zve\u0159ejn\u00edme term\u00ednovku n\u00e1bor\u016f v jednotliv\u00fdch lokalit\u00e1ch, kde otv\u00edr\u00e1me pravideln\u00e9 tr\u00e9ninky pro dosp\u011bl\u00e9 \u010di d\u011bti. T\u011b\u0161\u00edm se na ka\u017ed\u00e9ho, kdo m\u00e1 z\u00e1jem se v\u011bnovat rozvoji ve siln\u00e9 a stabiln\u00ed s\u00edti \u0161kol izraelsk\u00e9 sebeobrany KAPAP CZECH (www.kapap-czech.cz). A vyhla\u0161ujeme SOUT\u011a\u017d &#8211; kdo se vyfot\u00ed s na\u0161\u00edm billboardem a bude jej sd\u00edlet na sv\u00e9m &hellip; <\/p>\n<p class=\"link-more\"><a href=\"http:\/\/www.kapap-czech.cz\/?p=229\" class=\"more-link\">Pokra\u010dovat ve \u010dten\u00ed<span class=\"screen-reader-text\"> &#8222;BILLBOARD KAPAP CZECH (30\/7\/2018)&#8220;<\/span><\/a><\/p>\n","protected":false},"author":1,"featured_media":0,"comment_status":"closed","ping_status":"closed","sticky":false,"template":"","format":"standard","meta":[],"categories":[1],"tags":[],"aioseo_notices":[],"_links":{"self":[{"href":"http:\/\/www.kapap-czech.cz\/index.php?rest_route=\/wp\/v2\/posts\/229"}],"collection":[{"href":"http:\/\/www.kapap-czech.cz\/index.php?rest_route=\/wp\/v2\/posts"}],"about":[{"href":"http:\/\/www.kapap-czech.cz\/index.php?rest_route=\/wp\/v2\/types\/post"}],"author":[{"embeddable":true,"href":"http:\/\/www.kapap-czech.cz\/index.php?rest_route=\/wp\/v2\/users\/1"}],"replies":[{"embeddable":true,"href":"http:\/\/www.kapap-czech.cz\/index.php?rest_route=%2Fwp%2Fv2%2Fcomments&post=229"}],"version-history":[{"count":1,"href":"http:\/\/www.kapap-czech.cz\/index.php?rest_route=\/wp\/v2\/posts\/229\/revisions"}],"predecessor-version":[{"id":230,"href":"http:\/\/www.kapap-czech.cz\/index.php?rest_route=\/wp\/v2\/posts\/229\/revisions\/230"}],"wp:attachment":[{"href":"http:\/\/www.kapap-czech.cz\/index.php?rest_route=%2Fwp%2Fv2%2Fmedia&parent=229"}],"wp:term":[{"taxonomy":"category","embeddable":true,"href":"http:\/\/www.kapap-czech.cz\/index.php?rest_route=%2Fwp%2Fv2%2Fcategories&post=229"},{"taxonomy":"post_tag","embeddable":true,"href":"http:\/\/www.kapap-czech.cz\/index.php?rest_route=%2Fwp%2Fv2%2Ftags&post=229"}],"curies":[{"name":"wp","href":"https:\/\/api.w.org\/{rel}","templated":true}]}}