{"id":241,"date":"2018-08-11T16:45:23","date_gmt":"2018-08-11T16:45:23","guid":{"rendered":"http:\/\/www.kapap-czech.cz\/?p=241"},"modified":"2018-08-11T16:45:23","modified_gmt":"2018-08-11T16:45:23","slug":"nabory-izraelske-sebeobrany-krav-maga-kapap-2018","status":"publish","type":"post","link":"http:\/\/www.kapap-czech.cz\/?p=241","title":{"rendered":"N\u00c1BORY izraelsk\u00e9 sebeobrany KRAV MAGA &#8211; KAPAP 2018"},"content":{"rendered":"<p>Zde je p\u0159ehledn\u00fd seznam v\u0161ech N\u00c1BOR\u016e KAPAP CZECH na v\u0161ech 14 lokalit\u00e1ch, kter\u00e9 otv\u00edr\u00e1me. Fotka je voln\u011b ke sd\u00edlen\u00ed, tak\u017ee klidn\u011b p\u0159\u00e1tel\u00e9 m\u016f\u017eete podpo\u0159it na\u0161e n\u00e1bory sd\u00edlen\u00edm tohoto soupisu na sv\u00fdch profilech na soci\u00e1ln\u00edch s\u00edt\u00edch \u010di jin\u00fdch webech.<\/p>\n<p>D\u011bkujeme mnohokr\u00e1te a t\u011b\u0161\u00edme se na setk\u00e1n\u00ed na n\u011bjak\u00e9m z n\u00e1bor\u016f.<\/p>\n<figure id=\"attachment_240\" aria-describedby=\"caption-attachment-240\" style=\"width: 722px\" class=\"wp-caption aligncenter\"><a href=\"http:\/\/www.kapap-czech.cz\/wp-content\/uploads\/2018\/08\/2018_nabory.jpg\"><img loading=\"lazy\" class=\"size-full wp-image-240\" alt=\"N\u00e1bory izraelsk\u00e9 sebeobrany KRAV MAGA - KAPAP (z\u00e1\u0159\u00ed 2018)\" src=\"http:\/\/www.kapap-czech.cz\/wp-content\/uploads\/2018\/08\/2018_nabory.jpg\" width=\"722\" height=\"515\" srcset=\"http:\/\/www.kapap-czech.cz\/wp-content\/uploads\/2018\/08\/2018_nabory.jpg 722w, http:\/\/www.kapap-czech.cz\/wp-content\/uploads\/2018\/08\/2018_nabory-300x213.jpg 300w\" sizes=\"(max-width: 722px) 100vw, 722px\" \/><\/a><figcaption id=\"caption-attachment-240\" class=\"wp-caption-text\">N\u00e1bory izraelsk\u00e9 sebeobrany KRAV MAGA &#8211; KAPAP (z\u00e1\u0159\u00ed 2018)<\/figcaption><\/figure>\n","protected":false},"excerpt":{"rendered":"<p>Zde je p\u0159ehledn\u00fd seznam v\u0161ech N\u00c1BOR\u016e KAPAP CZECH na v\u0161ech 14 lokalit\u00e1ch, kter\u00e9 otv\u00edr\u00e1me. Fotka je voln\u011b ke sd\u00edlen\u00ed, tak\u017ee klidn\u011b p\u0159\u00e1tel\u00e9 m\u016f\u017eete podpo\u0159it na\u0161e n\u00e1bory sd\u00edlen\u00edm tohoto soupisu na sv\u00fdch profilech na soci\u00e1ln\u00edch s\u00edt\u00edch \u010di jin\u00fdch webech. D\u011bkujeme mnohokr\u00e1te a t\u011b\u0161\u00edme se na setk\u00e1n\u00ed na n\u011bjak\u00e9m z n\u00e1bor\u016f.<\/p>\n","protected":false},"author":1,"featured_media":0,"comment_status":"closed","ping_status":"closed","sticky":false,"template":"","format":"standard","meta":[],"categories":[1],"tags":[],"aioseo_notices":[],"_links":{"self":[{"href":"http:\/\/www.kapap-czech.cz\/index.php?rest_route=\/wp\/v2\/posts\/241"}],"collection":[{"href":"http:\/\/www.kapap-czech.cz\/index.php?rest_route=\/wp\/v2\/posts"}],"about":[{"href":"http:\/\/www.kapap-czech.cz\/index.php?rest_route=\/wp\/v2\/types\/post"}],"author":[{"embeddable":true,"href":"http:\/\/www.kapap-czech.cz\/index.php?rest_route=\/wp\/v2\/users\/1"}],"replies":[{"embeddable":true,"href":"http:\/\/www.kapap-czech.cz\/index.php?rest_route=%2Fwp%2Fv2%2Fcomments&post=241"}],"version-history":[{"count":1,"href":"http:\/\/www.kapap-czech.cz\/index.php?rest_route=\/wp\/v2\/posts\/241\/revisions"}],"predecessor-version":[{"id":242,"href":"http:\/\/www.kapap-czech.cz\/index.php?rest_route=\/wp\/v2\/posts\/241\/revisions\/242"}],"wp:attachment":[{"href":"http:\/\/www.kapap-czech.cz\/index.php?rest_route=%2Fwp%2Fv2%2Fmedia&parent=241"}],"wp:term":[{"taxonomy":"category","embeddable":true,"href":"http:\/\/www.kapap-czech.cz\/index.php?rest_route=%2Fwp%2Fv2%2Fcategories&post=241"},{"taxonomy":"post_tag","embeddable":true,"href":"http:\/\/www.kapap-czech.cz\/index.php?rest_route=%2Fwp%2Fv2%2Ftags&post=241"}],"curies":[{"name":"wp","href":"https:\/\/api.w.org\/{rel}","templated":true}]}}