{"id":250,"date":"2018-08-22T17:04:26","date_gmt":"2018-08-22T17:04:26","guid":{"rendered":"http:\/\/www.kapap-czech.cz\/?p=250"},"modified":"2019-08-14T20:38:14","modified_gmt":"2019-08-14T19:38:14","slug":"platby-clenstvi-v-kapap-czech","status":"publish","type":"post","link":"http:\/\/www.kapap-czech.cz\/?p=250","title":{"rendered":"PLATBY \u010cLENSTV\u00cd v KAPAP CZECH"},"content":{"rendered":"<p>Zdrav\u00edm p\u0159\u00e1tel\u00e9. Bl\u00ed\u017e\u00ed se n\u00e1m n\u00e1bory a tak\u00e9 pravideln\u00e9 platby \u010dlenstv\u00ed. Zde tedy p\u0159in\u00e1\u0161\u00edme cen\u00edk pro platby tr\u00e9nink\u016f v r\u00e1mci KAPAP CZECH.<\/p>\n<p>\u010clenstv\u00ed se plat\u00ed na n\u00ed\u017ee uveden\u00fd \u00fa\u010det na pololet\u00ed \u0161koln\u00edho roku (5 m\u011bs\u00edc\u016f: z\u00e1\u0159\u00ed-leden \/ \u00fanor-\u010derven). Nezapome\u0148te na jm\u00e9no, p\u0159\u00edjmen\u00ed a lokalitu do pozn\u00e1mky pro p\u0159\u00edjemce, abychom va\u0161\u00ed platbu snadno identifikovali. \u010clenstv\u00ed se plat\u00ed do konce m\u011bs\u00edce Z\u00c1\u0158\u00cd 2018, tj. co 30.z\u00e1\u0159\u00ed 2018!!!<\/p>\n<p>V\u00fdhodou \u010dlenstv\u00ed je polovi\u010dn\u00ed cena za semin\u00e1\u0159e, levn\u011bj\u0161\u00ed n\u00e1kup vybaven\u00ed v e-shopu KAPAP CZECH \u010di&nbsp;uzav\u0159en\u00e9 \u010dlensk\u00e9 akce. T\u011b\u0161\u00edme se na v\u00e1s, p\u0159\u00e1tel\u00e9.<\/p>\n\n\n<ul class=\"wp-container-2 wp-block-gallery-1 wp-block-gallery columns-1 is-cropped\"><li class=\"blocks-gallery-item\"><figure><img loading=\"lazy\" width=\"1024\" height=\"425\" src=\"http:\/\/www.kapap-czech.cz\/wp-content\/uploads\/2019\/08\/2019_2020_platebni_politika-1024x425.jpg\" alt=\"Ceny \u010dlenstv\u00ed KAPAP CZECH pro \u0161koln\u00ed rok 2019\/2020\" data-id=\"925\" data-link=\"http:\/\/www.kapap-czech.cz\/?attachment_id=925\" class=\"wp-image-925\" srcset=\"http:\/\/www.kapap-czech.cz\/wp-content\/uploads\/2019\/08\/2019_2020_platebni_politika-1024x425.jpg 1024w, http:\/\/www.kapap-czech.cz\/wp-content\/uploads\/2019\/08\/2019_2020_platebni_politika-300x124.jpg 300w, http:\/\/www.kapap-czech.cz\/wp-content\/uploads\/2019\/08\/2019_2020_platebni_politika-768x319.jpg 768w, http:\/\/www.kapap-czech.cz\/wp-content\/uploads\/2019\/08\/2019_2020_platebni_politika.jpg 1128w\" sizes=\"(max-width: 767px) 89vw, (max-width: 1000px) 54vw, (max-width: 1071px) 543px, 580px\" \/><figcaption>Ceny \u010dlenstv\u00ed KAPAP CZECH pro \u0161koln\u00ed rok 2019\/2020<\/figcaption><\/figure><\/li><\/ul>\n","protected":false},"excerpt":{"rendered":"<p>Zdrav\u00edm p\u0159\u00e1tel\u00e9. Bl\u00ed\u017e\u00ed se n\u00e1m n\u00e1bory a tak\u00e9 pravideln\u00e9 platby \u010dlenstv\u00ed. Zde tedy p\u0159in\u00e1\u0161\u00edme cen\u00edk pro platby tr\u00e9nink\u016f v r\u00e1mci KAPAP CZECH. \u010clenstv\u00ed se plat\u00ed na n\u00ed\u017ee uveden\u00fd \u00fa\u010det na pololet\u00ed \u0161koln\u00edho roku (5 m\u011bs\u00edc\u016f: z\u00e1\u0159\u00ed-leden \/ \u00fanor-\u010derven). Nezapome\u0148te na jm\u00e9no, p\u0159\u00edjmen\u00ed a lokalitu do pozn\u00e1mky pro p\u0159\u00edjemce, abychom va\u0161\u00ed platbu snadno identifikovali. \u010clenstv\u00ed se &hellip; <\/p>\n<p class=\"link-more\"><a href=\"http:\/\/www.kapap-czech.cz\/?p=250\" class=\"more-link\">Pokra\u010dovat ve \u010dten\u00ed<span class=\"screen-reader-text\"> &#8222;PLATBY \u010cLENSTV\u00cd v KAPAP CZECH&#8220;<\/span><\/a><\/p>\n","protected":false},"author":1,"featured_media":0,"comment_status":"closed","ping_status":"closed","sticky":false,"template":"","format":"standard","meta":[],"categories":[3],"tags":[],"aioseo_notices":[],"_links":{"self":[{"href":"http:\/\/www.kapap-czech.cz\/index.php?rest_route=\/wp\/v2\/posts\/250"}],"collection":[{"href":"http:\/\/www.kapap-czech.cz\/index.php?rest_route=\/wp\/v2\/posts"}],"about":[{"href":"http:\/\/www.kapap-czech.cz\/index.php?rest_route=\/wp\/v2\/types\/post"}],"author":[{"embeddable":true,"href":"http:\/\/www.kapap-czech.cz\/index.php?rest_route=\/wp\/v2\/users\/1"}],"replies":[{"embeddable":true,"href":"http:\/\/www.kapap-czech.cz\/index.php?rest_route=%2Fwp%2Fv2%2Fcomments&post=250"}],"version-history":[{"count":3,"href":"http:\/\/www.kapap-czech.cz\/index.php?rest_route=\/wp\/v2\/posts\/250\/revisions"}],"predecessor-version":[{"id":927,"href":"http:\/\/www.kapap-czech.cz\/index.php?rest_route=\/wp\/v2\/posts\/250\/revisions\/927"}],"wp:attachment":[{"href":"http:\/\/www.kapap-czech.cz\/index.php?rest_route=%2Fwp%2Fv2%2Fmedia&parent=250"}],"wp:term":[{"taxonomy":"category","embeddable":true,"href":"http:\/\/www.kapap-czech.cz\/index.php?rest_route=%2Fwp%2Fv2%2Fcategories&post=250"},{"taxonomy":"post_tag","embeddable":true,"href":"http:\/\/www.kapap-czech.cz\/index.php?rest_route=%2Fwp%2Fv2%2Ftags&post=250"}],"curies":[{"name":"wp","href":"https:\/\/api.w.org\/{rel}","templated":true}]}}