{"id":2660,"date":"2022-05-05T11:10:13","date_gmt":"2022-05-05T10:10:13","guid":{"rendered":"http:\/\/www.kapap-czech.cz\/?p=2660"},"modified":"2022-05-05T11:10:15","modified_gmt":"2022-05-05T10:10:15","slug":"kapap-czech-akce-a-seminare-kveten-2022","status":"publish","type":"post","link":"http:\/\/www.kapap-czech.cz\/?p=2660","title":{"rendered":"KAPAP CZECH: Akce a semin\u00e1\u0159e kv\u011bten 2022"},"content":{"rendered":"\n<p>Kv\u011bten je tradi\u010dn\u011b spolu s dubnem a z\u00e1\u0159\u00ed nejnabit\u011bj\u0161\u00ed m\u011bs\u00edc na\u0161ich akc\u00ed. Po\u0159\u00e1daj\u00ed se propaga\u010dn\u00ed akce, ve\u0159ejn\u00e9 prezentace, mezin\u00e1rodn\u00ed semin\u00e1\u0159e a plno dal\u0161\u00edch aktivit. <\/p>\n\n\n\n<p>Zde nab\u00edz\u00edme kv\u011btnovou nab\u00eddku akc\u00ed pro tento rok. Tak\u017ee nev\u00e1hej, regni se a dora\u017e s n\u00e1mi p\u0159\u00edjemn\u011b zamakat. Registraci na jak\u00fdkoliv semin\u00e1\u0159 najde\u0161 zde: <a href=\"http:\/\/www.kapap-czech.cz\/?page_id=81\">http:\/\/www.kapap-czech.cz\/?page_id=81<\/a><\/p>\n\n\n\n<figure class=\"wp-block-image\"><img loading=\"lazy\" width=\"1024\" height=\"605\" src=\"http:\/\/www.kapap-czech.cz\/wp-content\/uploads\/2022\/05\/2022-05_kalendar-akci-final-1024x605.jpg\" alt=\"KAPAP CZECH: Akce a semin\u00e1\u0159e kv\u011bten 2022\" class=\"wp-image-2659\" srcset=\"http:\/\/www.kapap-czech.cz\/wp-content\/uploads\/2022\/05\/2022-05_kalendar-akci-final-1024x605.jpg 1024w, http:\/\/www.kapap-czech.cz\/wp-content\/uploads\/2022\/05\/2022-05_kalendar-akci-final-300x177.jpg 300w, http:\/\/www.kapap-czech.cz\/wp-content\/uploads\/2022\/05\/2022-05_kalendar-akci-final-768x454.jpg 768w, http:\/\/www.kapap-czech.cz\/wp-content\/uploads\/2022\/05\/2022-05_kalendar-akci-final.jpg 1149w\" sizes=\"(max-width: 767px) 89vw, (max-width: 1000px) 54vw, (max-width: 1071px) 543px, 580px\" \/><figcaption>KAPAP CZECH: Akce a semin\u00e1\u0159e kv\u011bten 2022<\/figcaption><\/figure>\n","protected":false},"excerpt":{"rendered":"<p>Kv\u011bten je tradi\u010dn\u011b spolu s dubnem a z\u00e1\u0159\u00ed nejnabit\u011bj\u0161\u00ed m\u011bs\u00edc na\u0161ich akc\u00ed. Po\u0159\u00e1daj\u00ed se propaga\u010dn\u00ed akce, ve\u0159ejn\u00e9 prezentace, mezin\u00e1rodn\u00ed semin\u00e1\u0159e a plno dal\u0161\u00edch aktivit. Zde nab\u00edz\u00edme kv\u011btnovou nab\u00eddku akc\u00ed pro tento rok. Tak\u017ee nev\u00e1hej, regni se a dora\u017e s n\u00e1mi p\u0159\u00edjemn\u011b zamakat. Registraci na jak\u00fdkoliv semin\u00e1\u0159 najde\u0161 zde: http:\/\/www.kapap-czech.cz\/?page_id=81<\/p>\n","protected":false},"author":1,"featured_media":0,"comment_status":"closed","ping_status":"closed","sticky":false,"template":"","format":"standard","meta":[],"categories":[1],"tags":[],"aioseo_notices":[],"_links":{"self":[{"href":"http:\/\/www.kapap-czech.cz\/index.php?rest_route=\/wp\/v2\/posts\/2660"}],"collection":[{"href":"http:\/\/www.kapap-czech.cz\/index.php?rest_route=\/wp\/v2\/posts"}],"about":[{"href":"http:\/\/www.kapap-czech.cz\/index.php?rest_route=\/wp\/v2\/types\/post"}],"author":[{"embeddable":true,"href":"http:\/\/www.kapap-czech.cz\/index.php?rest_route=\/wp\/v2\/users\/1"}],"replies":[{"embeddable":true,"href":"http:\/\/www.kapap-czech.cz\/index.php?rest_route=%2Fwp%2Fv2%2Fcomments&post=2660"}],"version-history":[{"count":1,"href":"http:\/\/www.kapap-czech.cz\/index.php?rest_route=\/wp\/v2\/posts\/2660\/revisions"}],"predecessor-version":[{"id":2661,"href":"http:\/\/www.kapap-czech.cz\/index.php?rest_route=\/wp\/v2\/posts\/2660\/revisions\/2661"}],"wp:attachment":[{"href":"http:\/\/www.kapap-czech.cz\/index.php?rest_route=%2Fwp%2Fv2%2Fmedia&parent=2660"}],"wp:term":[{"taxonomy":"category","embeddable":true,"href":"http:\/\/www.kapap-czech.cz\/index.php?rest_route=%2Fwp%2Fv2%2Fcategories&post=2660"},{"taxonomy":"post_tag","embeddable":true,"href":"http:\/\/www.kapap-czech.cz\/index.php?rest_route=%2Fwp%2Fv2%2Ftags&post=2660"}],"curies":[{"name":"wp","href":"https:\/\/api.w.org\/{rel}","templated":true}]}}