{"id":2710,"date":"2022-06-21T07:20:35","date_gmt":"2022-06-21T06:20:35","guid":{"rendered":"http:\/\/www.kapap-czech.cz\/?p=2710"},"modified":"2022-06-21T07:20:37","modified_gmt":"2022-06-21T06:20:37","slug":"kapap-tour-hradecko-19-6-22","status":"publish","type":"post","link":"http:\/\/www.kapap-czech.cz\/?p=2710","title":{"rendered":"KAPAP TOUR HRADECKO (19\/6\/22)"},"content":{"rendered":"\n<p>V ned\u011bli 19\/6\/2022 prob\u011bhly posledn\u00ed semin\u00e1\u0159e tohoto v\u00fdcvikov\u00e9ho\/\u0161koln\u00edho roku KAPAP CZECH. Jeli jsme trasu Dv\u016fr Kr\u00e1lov\u00e9 nad Labem &#8211; Trutnov &#8211; Hradec Kr\u00e1lov\u00e9.<\/p>\n\n\n\n<p>Za\u010dali jsme dopoledn\u00edm semin\u00e1\u0159em ve Dvo\u0159e Kr\u00e1lov\u00e9. Tradi\u010dn\u011b v\u00edkendov\u00e1 dopoledna jsou problematick\u00e1 pro vst\u00e1v\u00e1n\u00ed n\u011bkter\u00fdch cvi\u010denc\u016f, p\u0159edev\u0161\u00edm z \u0159ad ve\u0159ejnosti. Tak\u017ee jsme si zamakali v 6 lidech a okoukli budouc\u00ed t\u011blocvi\u010dnu, kde od z\u00e1\u0159\u00ed za\u010d\u00edn\u00e1me ka\u017edou st\u0159edu od 18.30 cvi\u010dit. <\/p>\n\n\n\n<p>N\u00e1sledoval p\u0159esun do nedalek\u00e9ho Trutnova. Vrcholil tropick\u00fd v\u00edkend a teplota p\u0159es\u00e1hla 33\u00b0C. Proto jsme v Trutnov\u011b zapadly pod stromy v parku u lesnick\u00e9 akademie. Zde mus\u00edm pod\u011bkovat na\u0161\u00ed m\u00edstn\u00ed fanynce, kter\u00e1 dok\u00e1zala oslovit na dvac\u00edtku Trutnov\u00e1k\u016f a p\u0159edev\u0161\u00edm Trutnova\u010dek, kter\u00e9 dorazili si za\u0159\u00e1dit a sezn\u00e1mit se ze sebeobranou v na\u0161em pojet\u00ed. D\u011bkujeme moc v\u0161em za \u00fa\u010dast a nasazen\u00ed. <\/p>\n\n\n\n<p>Z\u00e1v\u011br dne pat\u0159il na\u0161\u00ed lokalit\u011b v Hradci Kr\u00e1lov\u00e9, kde se se\u0161lo kr\u00e1sn\u00fdch 11 lidi\u010dek &#8211; a to jak sta\u0159\u00ed dob\u0159\u00ed zn\u00e1m\u00ed, tak \u00fapln\u00ed nov\u00e1\u010dci. I zde d\u011bkuji v\u0161em za \u00fa\u010dast a nasazen\u00ed &#8211; je vid\u011bt, \u017ee lokalita pod Ale\u0161ov\u00fdm veden\u00edm vzkv\u00e9t\u00e1. <\/p>\n\n\n\n<ul class=\"wp-container-2 wp-block-gallery-1 wp-block-gallery columns-3 is-cropped\"><li class=\"blocks-gallery-item\"><figure><img loading=\"lazy\" width=\"960\" height=\"960\" src=\"http:\/\/www.kapap-czech.cz\/wp-content\/uploads\/2022\/06\/220619_hradec-kralove.jpg\" alt=\"HRADEC: Semin\u00e1\u0159 s Mikem (19\/6\/2022)\" data-id=\"2707\" data-link=\"http:\/\/www.kapap-czech.cz\/?attachment_id=2707\" class=\"wp-image-2707\" srcset=\"http:\/\/www.kapap-czech.cz\/wp-content\/uploads\/2022\/06\/220619_hradec-kralove.jpg 960w, http:\/\/www.kapap-czech.cz\/wp-content\/uploads\/2022\/06\/220619_hradec-kralove-150x150.jpg 150w, http:\/\/www.kapap-czech.cz\/wp-content\/uploads\/2022\/06\/220619_hradec-kralove-300x300.jpg 300w, http:\/\/www.kapap-czech.cz\/wp-content\/uploads\/2022\/06\/220619_hradec-kralove-768x768.jpg 768w, http:\/\/www.kapap-czech.cz\/wp-content\/uploads\/2022\/06\/220619_hradec-kralove-100x100.jpg 100w\" sizes=\"(max-width: 767px) 89vw, (max-width: 1000px) 54vw, (max-width: 1071px) 543px, 580px\" \/><figcaption>HRADEC: Semin\u00e1\u0159 s Mikem (19\/6\/2022)<\/figcaption><\/figure><\/li><li class=\"blocks-gallery-item\"><figure><img loading=\"lazy\" width=\"960\" height=\"960\" src=\"http:\/\/www.kapap-czech.cz\/wp-content\/uploads\/2022\/06\/220619_dvur_kralove.jpg\" alt=\"DV\u016eR KR\u00c1LOV\u00c9: Semin\u00e1\u0159 s Mikem (19\/6\/2022)\" data-id=\"2708\" data-link=\"http:\/\/www.kapap-czech.cz\/?attachment_id=2708\" class=\"wp-image-2708\" srcset=\"http:\/\/www.kapap-czech.cz\/wp-content\/uploads\/2022\/06\/220619_dvur_kralove.jpg 960w, http:\/\/www.kapap-czech.cz\/wp-content\/uploads\/2022\/06\/220619_dvur_kralove-150x150.jpg 150w, http:\/\/www.kapap-czech.cz\/wp-content\/uploads\/2022\/06\/220619_dvur_kralove-300x300.jpg 300w, http:\/\/www.kapap-czech.cz\/wp-content\/uploads\/2022\/06\/220619_dvur_kralove-768x768.jpg 768w, http:\/\/www.kapap-czech.cz\/wp-content\/uploads\/2022\/06\/220619_dvur_kralove-100x100.jpg 100w\" sizes=\"(max-width: 767px) 89vw, (max-width: 1000px) 54vw, (max-width: 1071px) 543px, 580px\" \/><figcaption>DV\u016eR KR\u00c1LOV\u00c9: Semin\u00e1\u0159 s Mikem (19\/6\/2022)<\/figcaption><\/figure><\/li><li class=\"blocks-gallery-item\"><figure><img loading=\"lazy\" width=\"960\" height=\"720\" src=\"http:\/\/www.kapap-czech.cz\/wp-content\/uploads\/2022\/06\/220619_trutnov.jpg\" alt=\"TRUTNOV: Semin\u00e1\u0159 s Mikem (19\/6\/2022)\" data-id=\"2709\" data-link=\"http:\/\/www.kapap-czech.cz\/?attachment_id=2709\" class=\"wp-image-2709\" srcset=\"http:\/\/www.kapap-czech.cz\/wp-content\/uploads\/2022\/06\/220619_trutnov.jpg 960w, http:\/\/www.kapap-czech.cz\/wp-content\/uploads\/2022\/06\/220619_trutnov-300x225.jpg 300w, http:\/\/www.kapap-czech.cz\/wp-content\/uploads\/2022\/06\/220619_trutnov-768x576.jpg 768w\" sizes=\"(max-width: 767px) 89vw, (max-width: 1000px) 54vw, (max-width: 1071px) 543px, 580px\" \/><figcaption>TRUTNOV: Semin\u00e1\u0159 s Mikem (19\/6\/2022)<\/figcaption><\/figure><\/li><\/ul>\n","protected":false},"excerpt":{"rendered":"<p>V ned\u011bli 19\/6\/2022 prob\u011bhly posledn\u00ed semin\u00e1\u0159e tohoto v\u00fdcvikov\u00e9ho\/\u0161koln\u00edho roku KAPAP CZECH. Jeli jsme trasu Dv\u016fr Kr\u00e1lov\u00e9 nad Labem &#8211; Trutnov &#8211; Hradec Kr\u00e1lov\u00e9. Za\u010dali jsme dopoledn\u00edm semin\u00e1\u0159em ve Dvo\u0159e Kr\u00e1lov\u00e9. Tradi\u010dn\u011b v\u00edkendov\u00e1 dopoledna jsou problematick\u00e1 pro vst\u00e1v\u00e1n\u00ed n\u011bkter\u00fdch cvi\u010denc\u016f, p\u0159edev\u0161\u00edm z \u0159ad ve\u0159ejnosti. Tak\u017ee jsme si zamakali v 6 lidech a okoukli budouc\u00ed t\u011blocvi\u010dnu, kde &hellip; <\/p>\n<p class=\"link-more\"><a href=\"http:\/\/www.kapap-czech.cz\/?p=2710\" class=\"more-link\">Pokra\u010dovat ve \u010dten\u00ed<span class=\"screen-reader-text\"> &#8222;KAPAP TOUR HRADECKO (19\/6\/22)&#8220;<\/span><\/a><\/p>\n","protected":false},"author":1,"featured_media":0,"comment_status":"closed","ping_status":"closed","sticky":false,"template":"","format":"standard","meta":[],"categories":[1],"tags":[],"aioseo_notices":[],"_links":{"self":[{"href":"http:\/\/www.kapap-czech.cz\/index.php?rest_route=\/wp\/v2\/posts\/2710"}],"collection":[{"href":"http:\/\/www.kapap-czech.cz\/index.php?rest_route=\/wp\/v2\/posts"}],"about":[{"href":"http:\/\/www.kapap-czech.cz\/index.php?rest_route=\/wp\/v2\/types\/post"}],"author":[{"embeddable":true,"href":"http:\/\/www.kapap-czech.cz\/index.php?rest_route=\/wp\/v2\/users\/1"}],"replies":[{"embeddable":true,"href":"http:\/\/www.kapap-czech.cz\/index.php?rest_route=%2Fwp%2Fv2%2Fcomments&post=2710"}],"version-history":[{"count":1,"href":"http:\/\/www.kapap-czech.cz\/index.php?rest_route=\/wp\/v2\/posts\/2710\/revisions"}],"predecessor-version":[{"id":2711,"href":"http:\/\/www.kapap-czech.cz\/index.php?rest_route=\/wp\/v2\/posts\/2710\/revisions\/2711"}],"wp:attachment":[{"href":"http:\/\/www.kapap-czech.cz\/index.php?rest_route=%2Fwp%2Fv2%2Fmedia&parent=2710"}],"wp:term":[{"taxonomy":"category","embeddable":true,"href":"http:\/\/www.kapap-czech.cz\/index.php?rest_route=%2Fwp%2Fv2%2Fcategories&post=2710"},{"taxonomy":"post_tag","embeddable":true,"href":"http:\/\/www.kapap-czech.cz\/index.php?rest_route=%2Fwp%2Fv2%2Ftags&post=2710"}],"curies":[{"name":"wp","href":"https:\/\/api.w.org\/{rel}","templated":true}]}}