{"id":2737,"date":"2022-07-25T10:21:30","date_gmt":"2022-07-25T09:21:30","guid":{"rendered":"http:\/\/www.kapap-czech.cz\/?p=2737"},"modified":"2022-09-06T09:10:32","modified_gmt":"2022-09-06T08:10:32","slug":"nabory-kapap-czech-2022","status":"publish","type":"post","link":"http:\/\/www.kapap-czech.cz\/?p=2737","title":{"rendered":"N\u00c1BORY KAPAP CZECH 2022"},"content":{"rendered":"\n<p>KALEND\u00c1\u0158 N\u00c1BOR\u016e 2022 KAPAP CZECH aneb kdy a kde se na n\u00e1s m\u016f\u017eete t\u011b\u0161it. <\/p>\n\n\n\n<p>N\u00e1bor je &#8222;prvn\u00ed&#8220; ofiko tr\u00e9nink pro nov\u00e9 cvi\u010dence v lokalit\u011b. Na v\u011bt\u0161in\u011b n\u00e1bor\u016f bude p\u0159\u00edtomen hlavn\u00ed Instruktor KAPAP CZECH &#8211; Mike Janou\u0161ek.  Pouze tam, kde je v\u00edce lokalit v jeden den, si mus\u00ed vybrat, kde se uk\u00e1\u017ee.<\/p>\n\n\n\n<p>Registrace na n\u00e1bory najde\u0161 zde: <a href=\"http:\/\/www.kapap-czech.cz\/?page_id=81\">http:\/\/www.kapap-czech.cz\/?page_id=81<\/a><\/p>\n\n\n\n<p>Term\u00edn n\u00e1boru si m\u016f\u017eete poznamenat a pozvat sv\u00e9 zn\u00e1m\u00e9 a p\u0159\u00e1tele. T\u011b\u0161\u00edme se na setk\u00e1n\u00ed s na\u0161imi sou\u010dasn\u00fdmi i budouc\u00edmi bojovn\u00edky a bojovnicemi. Za sd\u00edlen\u00ed p\u0159edem d\u011bkujeme. P\u0159ejeme kr\u00e1sn\u00e9 l\u00e9to. <\/p>\n\n\n\n<figure class=\"wp-block-image\"><img loading=\"lazy\" width=\"653\" height=\"889\" src=\"http:\/\/www.kapap-czech.cz\/wp-content\/uploads\/2022\/07\/220901_nabory_kapap_2022_tabulka.jpg\" alt=\"KALEND\u00c1\u0158 AKC\u00cd: N\u00c1BORY KAPAP CZECH 2022\" class=\"wp-image-2736\" srcset=\"http:\/\/www.kapap-czech.cz\/wp-content\/uploads\/2022\/07\/220901_nabory_kapap_2022_tabulka.jpg 653w, http:\/\/www.kapap-czech.cz\/wp-content\/uploads\/2022\/07\/220901_nabory_kapap_2022_tabulka-220x300.jpg 220w\" sizes=\"(max-width: 653px) 100vw, 653px\" \/><figcaption>KALEND\u00c1\u0158 AKC\u00cd: N\u00c1BORY KAPAP CZECH 2022<\/figcaption><\/figure>\n","protected":false},"excerpt":{"rendered":"<p>KALEND\u00c1\u0158 N\u00c1BOR\u016e 2022 KAPAP CZECH aneb kdy a kde se na n\u00e1s m\u016f\u017eete t\u011b\u0161it. N\u00e1bor je &#8222;prvn\u00ed&#8220; ofiko tr\u00e9nink pro nov\u00e9 cvi\u010dence v lokalit\u011b. Na v\u011bt\u0161in\u011b n\u00e1bor\u016f bude p\u0159\u00edtomen hlavn\u00ed Instruktor KAPAP CZECH &#8211; Mike Janou\u0161ek. Pouze tam, kde je v\u00edce lokalit v jeden den, si mus\u00ed vybrat, kde se uk\u00e1\u017ee. Registrace na n\u00e1bory najde\u0161 &hellip; <\/p>\n<p class=\"link-more\"><a href=\"http:\/\/www.kapap-czech.cz\/?p=2737\" class=\"more-link\">Pokra\u010dovat ve \u010dten\u00ed<span class=\"screen-reader-text\"> &#8222;N\u00c1BORY KAPAP CZECH 2022&#8220;<\/span><\/a><\/p>\n","protected":false},"author":1,"featured_media":0,"comment_status":"closed","ping_status":"closed","sticky":false,"template":"","format":"standard","meta":[],"categories":[1],"tags":[],"aioseo_notices":[],"_links":{"self":[{"href":"http:\/\/www.kapap-czech.cz\/index.php?rest_route=\/wp\/v2\/posts\/2737"}],"collection":[{"href":"http:\/\/www.kapap-czech.cz\/index.php?rest_route=\/wp\/v2\/posts"}],"about":[{"href":"http:\/\/www.kapap-czech.cz\/index.php?rest_route=\/wp\/v2\/types\/post"}],"author":[{"embeddable":true,"href":"http:\/\/www.kapap-czech.cz\/index.php?rest_route=\/wp\/v2\/users\/1"}],"replies":[{"embeddable":true,"href":"http:\/\/www.kapap-czech.cz\/index.php?rest_route=%2Fwp%2Fv2%2Fcomments&post=2737"}],"version-history":[{"count":2,"href":"http:\/\/www.kapap-czech.cz\/index.php?rest_route=\/wp\/v2\/posts\/2737\/revisions"}],"predecessor-version":[{"id":2872,"href":"http:\/\/www.kapap-czech.cz\/index.php?rest_route=\/wp\/v2\/posts\/2737\/revisions\/2872"}],"wp:attachment":[{"href":"http:\/\/www.kapap-czech.cz\/index.php?rest_route=%2Fwp%2Fv2%2Fmedia&parent=2737"}],"wp:term":[{"taxonomy":"category","embeddable":true,"href":"http:\/\/www.kapap-czech.cz\/index.php?rest_route=%2Fwp%2Fv2%2Fcategories&post=2737"},{"taxonomy":"post_tag","embeddable":true,"href":"http:\/\/www.kapap-czech.cz\/index.php?rest_route=%2Fwp%2Fv2%2Ftags&post=2737"}],"curies":[{"name":"wp","href":"https:\/\/api.w.org\/{rel}","templated":true}]}}