{"id":278,"date":"2018-09-09T08:26:53","date_gmt":"2018-09-09T08:26:53","guid":{"rendered":"http:\/\/www.kapap-czech.cz\/?p=278"},"modified":"2018-09-09T09:26:22","modified_gmt":"2018-09-09T09:26:22","slug":"propagace-kapap-czech-ve-druhem-zariovem-vikendu","status":"publish","type":"post","link":"http:\/\/www.kapap-czech.cz\/?p=278","title":{"rendered":"Propagace KAPAP CZECH ve druh\u00e9m z\u00e1\u0159\u00edov\u00e9m v\u00edkendu"},"content":{"rendered":"<p>Druh\u00fd v\u00edkend v z\u00e1\u0159\u00ed byl ve znamen\u00ed propaga\u010dn\u00edch akc\u00ed. KAPAP CZECH se prezentoval v sobotu 8.9.2018 celkem na 3 velk\u00fdch akc\u00edch &#8211; <strong>Mosteck\u00fdch slavnostech, Kl\u00e1\u0161tereck\u00fdch promen\u00e1d\u00e1ch<\/strong> a v r\u00e1mci akce <strong>Dob\u0159\u00ed\u0161 v pohybu<\/strong>.<\/p>\n<figure id=\"attachment_275\" aria-describedby=\"caption-attachment-275\" style=\"width: 640px\" class=\"wp-caption aligncenter\"><a href=\"http:\/\/www.kapap-czech.cz\/wp-content\/uploads\/2018\/09\/180908_klasterec_promenady2.jpg\"><img loading=\"lazy\" class=\"size-large wp-image-275\" alt=\"Kl\u00e1\u0161tereck\u00e9 promen\u00e1dy (8\/9\/2018)\" src=\"http:\/\/www.kapap-czech.cz\/wp-content\/uploads\/2018\/09\/180908_klasterec_promenady2-1024x768.jpg\" width=\"640\" height=\"480\" srcset=\"http:\/\/www.kapap-czech.cz\/wp-content\/uploads\/2018\/09\/180908_klasterec_promenady2-1024x768.jpg 1024w, http:\/\/www.kapap-czech.cz\/wp-content\/uploads\/2018\/09\/180908_klasterec_promenady2-300x224.jpg 300w, http:\/\/www.kapap-czech.cz\/wp-content\/uploads\/2018\/09\/180908_klasterec_promenady2.jpg 1136w\" sizes=\"(max-width: 640px) 100vw, 640px\" \/><\/a><figcaption id=\"caption-attachment-275\" class=\"wp-caption-text\">Kl\u00e1\u0161tereck\u00e9 promen\u00e1dy (8\/9\/2018)<\/figcaption><\/figure>\n<p><strong>DOB\u0158\u00cd\u0160 V POHYBU aneb Den otev\u0159en\u00fdch t\u011blocvi\u010den<\/strong><\/p>\n<p>V sobotu odpoledne prob\u011bhla akce DOB\u0158\u00cd\u0160 V POHYBU aneb Den otev\u0159en\u00fdch t\u011blocvi\u010den. N\u00e1s p\u0159ekvapil z\u00e1jem a po\u010det rodinek, kter\u00e9 na\u0161i novou t\u011blocvi\u010dnu v are\u00e1lu Rukavi\u010dk\u00e1\u0159sk\u00fdch z\u00e1vod\u016f na Dob\u0159\u00ed\u0161i nav\u0161t\u00edvili. Prakticky p\u0159es 2 hodiny jsme nonstop prezentovali, komentovali, ukazovali rodi\u010d\u016fm a zapojovali d\u011bti do cvi\u010den\u00ed, kter\u00e9 pr\u016fb\u011b\u017en\u011b p\u0159ich\u00e1zeli. D\u011bkujeme za z\u00e1jem a t\u011b\u0161\u00edme se na N\u00c1BORU, kter\u00fd se kon\u00e1 v <em><strong>POND\u011aL\u00cd 17.9.<\/strong><\/em> v t\u011blocvi\u010dny na adrese <em><strong>Na Zlat\u00e9 stezce 1055, budova \u010d.5, 1.patro<\/strong><\/em>:<\/p>\n<ul>\n<li>16.00 &#8211; n\u00e1bor D\u011aT\u00cd &#8211; P\u0158ED\u0160KOL\u00c1K\u016e<\/li>\n<li>17.00 &#8211; n\u00e1bor D\u011aT\u00cd &#8211; \u0160KOL\u00c1K\u016e<\/li>\n<li>18.00 &#8211; n\u00e1bor KAPAP 40+<\/li>\n<li>19.00 &#8211; n\u00e1bor KAPAP BASIC &#8211; ml\u00e1de\u017e a dosp\u011bl\u00ed od 15 do 99 let.<\/li>\n<\/ul>\n<figure id=\"attachment_276\" aria-describedby=\"caption-attachment-276\" style=\"width: 640px\" class=\"wp-caption aligncenter\"><a href=\"http:\/\/www.kapap-czech.cz\/wp-content\/uploads\/2018\/09\/180908_dobris_dobris_v_pohybu.jpg\"><img loading=\"lazy\" class=\"size-large wp-image-276\" alt=\"Akce Dob\u0159\u00ed\u0161 v pohybu (8\/9\/2018)\" src=\"http:\/\/www.kapap-czech.cz\/wp-content\/uploads\/2018\/09\/180908_dobris_dobris_v_pohybu-1024x654.jpg\" width=\"640\" height=\"408\" srcset=\"http:\/\/www.kapap-czech.cz\/wp-content\/uploads\/2018\/09\/180908_dobris_dobris_v_pohybu-1024x654.jpg 1024w, http:\/\/www.kapap-czech.cz\/wp-content\/uploads\/2018\/09\/180908_dobris_dobris_v_pohybu-300x191.jpg 300w\" sizes=\"(max-width: 640px) 100vw, 640px\" \/><\/a><figcaption id=\"caption-attachment-276\" class=\"wp-caption-text\">Akce Dob\u0159\u00ed\u0161 v pohybu (8\/9\/2018)<\/figcaption><\/figure>\n<p><strong>KL\u00c1\u0160TERECK\u00c9 PROMEN\u00c1DY<\/strong><\/p>\n<p>Na tradi\u010dn\u00ed m\u011bstsk\u00e9 akci Kl\u00e1\u0161tereck\u00e9 promen\u00e1dy, jsme m\u011bli komentovanou uk\u00e1zku izraelsk\u00e9 sebeobrany na p\u00f3diu. Moder\u00e1tor pot\u00e9 n\u011bkolikr\u00e1t hl\u00e1sil, \u017ee kde m\u00e1me st\u00e1nek a \u017ee je mo\u017en\u00e9 jej nav\u0161t\u00edvit a pod\u00edvat se \u010di zapojit do uk\u00e1zek. Lid\u00ed bylo opravdu hodn\u011b, chodili a dotazovali se na cvi\u010den\u00ed. Z\u00e1jem n\u00e1s velice t\u011b\u0161\u00ed a v\u011b\u0159\u00edme, \u017ee se s mnoh\u00fdmi potk\u00e1me na n\u00e1boru se <strong><em>ST\u0158EDU 12.9. na Z\u00e1kladn\u00ed \u0161kole, \u0160koln\u00ed 519 v Kl\u00e1\u0161terci nad Oh\u0159\u00ed<\/em><\/strong>.<\/p>\n<ul>\n<li>17.30 &#8211; n\u00e1bor D\u011aT\u00cd &#8211; \u0160KOL\u00c1CI<\/li>\n<li>19.00 &#8211; n\u00e1bor DOSP\u011aL\u00ddCH<\/li>\n<\/ul>\n<figure id=\"attachment_274\" aria-describedby=\"caption-attachment-274\" style=\"width: 640px\" class=\"wp-caption aligncenter\"><a href=\"http:\/\/www.kapap-czech.cz\/wp-content\/uploads\/2018\/09\/180908_klasterec_promenady.jpg\"><img loading=\"lazy\" class=\"size-large wp-image-274\" alt=\"Kl\u00e1\u0161tereck\u00e9 promen\u00e1dy (8\/9\/2018)\" src=\"http:\/\/www.kapap-czech.cz\/wp-content\/uploads\/2018\/09\/180908_klasterec_promenady-1024x576.jpg\" width=\"640\" height=\"360\" srcset=\"http:\/\/www.kapap-czech.cz\/wp-content\/uploads\/2018\/09\/180908_klasterec_promenady-1024x576.jpg 1024w, http:\/\/www.kapap-czech.cz\/wp-content\/uploads\/2018\/09\/180908_klasterec_promenady-300x168.jpg 300w, http:\/\/www.kapap-czech.cz\/wp-content\/uploads\/2018\/09\/180908_klasterec_promenady.jpg 1560w\" sizes=\"(max-width: 640px) 100vw, 640px\" \/><\/a><figcaption id=\"caption-attachment-274\" class=\"wp-caption-text\">Kl\u00e1\u0161tereck\u00e9 promen\u00e1dy (8\/9\/2018)<\/figcaption><\/figure>\n<p><strong>MOSTECK\u00c9 SLAVNOSTI<\/strong><\/p>\n<p>I v severo\u010desk\u00e9m Most\u011b jsme se zapojili aktivn\u011b do ka\u017edoro\u010dn\u00edch m\u011bstsk\u00fdch slavnost\u00ed. O co m\u00e9n\u011b jsme fotili, o to v\u00edce jsme se p\u0159edv\u00e1d\u011bli, mluvili a prezentovali na\u0161\u00ed \u010dinnost. Velice n\u00e1s pot\u011b\u0161ilo, \u017ee mosteckou lokalitu p\u0159ijeli v r\u00e1mci t\u00e9to prezenta\u010dn\u00ed akce podpo\u0159it cvi\u010denci z lokality Chomutov. Akce to byla velice poveden\u00e1, mluvili jsme s des\u00edtkami potenci\u00e1ln\u00edch z\u00e1jemc\u016f a t\u011b\u0161\u00edme se na n\u00e1bor ve <strong><em>\u010cTVRTEK 13.9. od 19.00 v t\u011blocvi\u010dn\u011b 18.Z\u0160 OKRU\u017dN\u00cd v MOST\u011a<\/em><\/strong>.\u00a0Zde je otv\u00edr\u00e1n v\u00fdcvik pouze pro <em><strong>ML\u00c1DE\u017d A DOSP\u011aL\u00c9, tj. pro z\u00e1jem od 15 do 99 let v\u011bku<\/strong><\/em>. Dora\u017ete, po\u010d\u00edt\u00e1me s v\u00e1mi.<\/p>\n<figure id=\"attachment_283\" aria-describedby=\"caption-attachment-283\" style=\"width: 960px\" class=\"wp-caption aligncenter\"><a href=\"http:\/\/www.kapap-czech.cz\/wp-content\/uploads\/2018\/09\/180908_mostecke-slavnosti-stanek2.jpg\"><img loading=\"lazy\" class=\"size-full wp-image-283\" alt=\"Mosteck\u00e9 slavnosti (8\/9\/2018)\" src=\"http:\/\/www.kapap-czech.cz\/wp-content\/uploads\/2018\/09\/180908_mostecke-slavnosti-stanek2.jpg\" width=\"960\" height=\"540\" srcset=\"http:\/\/www.kapap-czech.cz\/wp-content\/uploads\/2018\/09\/180908_mostecke-slavnosti-stanek2.jpg 960w, http:\/\/www.kapap-czech.cz\/wp-content\/uploads\/2018\/09\/180908_mostecke-slavnosti-stanek2-300x168.jpg 300w\" sizes=\"(max-width: 767px) 89vw, (max-width: 1000px) 54vw, (max-width: 1071px) 543px, 580px\" \/><\/a><figcaption id=\"caption-attachment-283\" class=\"wp-caption-text\">Mosteck\u00e9 slavnosti (8\/9\/2018)<\/figcaption><\/figure>\n","protected":false},"excerpt":{"rendered":"<p>Druh\u00fd v\u00edkend v z\u00e1\u0159\u00ed byl ve znamen\u00ed propaga\u010dn\u00edch akc\u00ed. KAPAP CZECH se prezentoval v sobotu 8.9.2018 celkem na 3 velk\u00fdch akc\u00edch &#8211; Mosteck\u00fdch slavnostech, Kl\u00e1\u0161tereck\u00fdch promen\u00e1d\u00e1ch a v r\u00e1mci akce Dob\u0159\u00ed\u0161 v pohybu. DOB\u0158\u00cd\u0160 V POHYBU aneb Den otev\u0159en\u00fdch t\u011blocvi\u010den V sobotu odpoledne prob\u011bhla akce DOB\u0158\u00cd\u0160 V POHYBU aneb Den otev\u0159en\u00fdch t\u011blocvi\u010den. N\u00e1s p\u0159ekvapil z\u00e1jem &hellip; <\/p>\n<p class=\"link-more\"><a href=\"http:\/\/www.kapap-czech.cz\/?p=278\" class=\"more-link\">Pokra\u010dovat ve \u010dten\u00ed<span class=\"screen-reader-text\"> &#8222;Propagace KAPAP CZECH ve druh\u00e9m z\u00e1\u0159\u00edov\u00e9m v\u00edkendu&#8220;<\/span><\/a><\/p>\n","protected":false},"author":1,"featured_media":0,"comment_status":"closed","ping_status":"closed","sticky":false,"template":"","format":"standard","meta":[],"categories":[3],"tags":[],"aioseo_notices":[],"_links":{"self":[{"href":"http:\/\/www.kapap-czech.cz\/index.php?rest_route=\/wp\/v2\/posts\/278"}],"collection":[{"href":"http:\/\/www.kapap-czech.cz\/index.php?rest_route=\/wp\/v2\/posts"}],"about":[{"href":"http:\/\/www.kapap-czech.cz\/index.php?rest_route=\/wp\/v2\/types\/post"}],"author":[{"embeddable":true,"href":"http:\/\/www.kapap-czech.cz\/index.php?rest_route=\/wp\/v2\/users\/1"}],"replies":[{"embeddable":true,"href":"http:\/\/www.kapap-czech.cz\/index.php?rest_route=%2Fwp%2Fv2%2Fcomments&post=278"}],"version-history":[{"count":5,"href":"http:\/\/www.kapap-czech.cz\/index.php?rest_route=\/wp\/v2\/posts\/278\/revisions"}],"predecessor-version":[{"id":285,"href":"http:\/\/www.kapap-czech.cz\/index.php?rest_route=\/wp\/v2\/posts\/278\/revisions\/285"}],"wp:attachment":[{"href":"http:\/\/www.kapap-czech.cz\/index.php?rest_route=%2Fwp%2Fv2%2Fmedia&parent=278"}],"wp:term":[{"taxonomy":"category","embeddable":true,"href":"http:\/\/www.kapap-czech.cz\/index.php?rest_route=%2Fwp%2Fv2%2Fcategories&post=278"},{"taxonomy":"post_tag","embeddable":true,"href":"http:\/\/www.kapap-czech.cz\/index.php?rest_route=%2Fwp%2Fv2%2Ftags&post=278"}],"curies":[{"name":"wp","href":"https:\/\/api.w.org\/{rel}","templated":true}]}}