{"id":289,"date":"2018-09-12T07:13:01","date_gmt":"2018-09-12T07:13:01","guid":{"rendered":"http:\/\/www.kapap-czech.cz\/?p=289"},"modified":"2018-09-12T07:13:01","modified_gmt":"2018-09-12T07:13:01","slug":"nabory-kapap-v-chomutove-chebu-lounech-a-sedlcanech","status":"publish","type":"post","link":"http:\/\/www.kapap-czech.cz\/?p=289","title":{"rendered":"N\u00e1bory KAPAP v Chomutov\u011b, Chebu, Lounech a Sedl\u010danech"},"content":{"rendered":"<figure id=\"attachment_287\" aria-describedby=\"caption-attachment-287\" style=\"width: 640px\" class=\"wp-caption aligncenter\"><a href=\"http:\/\/www.kapap-czech.cz\/wp-content\/uploads\/2018\/09\/180911_sedlcany_dospeli.jpg\"><img loading=\"lazy\" class=\"size-large wp-image-287\" alt=\"N\u00e1bor KAPAP CZECH v Sedl\u010danech - v\u00fdcvik ml\u00e1de\u017e a dosp\u011bl\u00ed (11\/9\/2018)\" src=\"http:\/\/www.kapap-czech.cz\/wp-content\/uploads\/2018\/09\/180911_sedlcany_dospeli-1024x499.jpg\" width=\"640\" height=\"311\" srcset=\"http:\/\/www.kapap-czech.cz\/wp-content\/uploads\/2018\/09\/180911_sedlcany_dospeli-1024x499.jpg 1024w, http:\/\/www.kapap-czech.cz\/wp-content\/uploads\/2018\/09\/180911_sedlcany_dospeli-300x146.jpg 300w, http:\/\/www.kapap-czech.cz\/wp-content\/uploads\/2018\/09\/180911_sedlcany_dospeli.jpg 1794w\" sizes=\"(max-width: 640px) 100vw, 640px\" \/><\/a><figcaption id=\"caption-attachment-287\" class=\"wp-caption-text\">N\u00e1bor KAPAP CZECH v Sedl\u010danech &#8211; v\u00fdcvik ml\u00e1de\u017e a dosp\u011bl\u00ed (11\/9\/2018)<\/figcaption><\/figure>\n<p>N\u00e1bory KAPAP CZECH se n\u00e1m tento rok velice da\u0159\u00ed.<\/p>\n<p>V \u00fater\u00fd 4.9. prob\u011bhl prvn\u00ed n\u00e1bor a ka\u017edoro\u010dn\u00edho &#8222;\u010dern\u00e9ho Petra&#8220; vyhr\u00e1la tento rok lokalita Chomutov. I p\u0159esto, \u017ee se jednalo o prvn\u00ed n\u00e1bor tohoto \u0161koln\u00edho roku, bylo v Chomutov\u011b celkem 16 \u00fa\u010dastn\u00edk\u016f n\u00e1boru dosp\u011bl\u00e1ck\u00e9ho programu v\u00fdcviku. Tak\u017ee super.<\/p>\n<p>Ve st\u0159edu 5.9. prob\u011bhl prvn\u00ed oficin\u00e1ln\u00ed z\u00e1\u0159iov\u00fd n\u00e1bor v Chebu. Lokalitu Cheb jsme otev\u0159eli v ledna 2018 a tak jsme s nap\u011bt\u00edm o\u010dek\u00e1vali, kolik dojde lid\u00ed. A mil\u00e9 p\u0159ekvapen\u00ed &#8211; celkem 17 lidi\u010dek na n\u00e1boru, tak\u017ee ani na\u0161e nejz\u00e1padn\u011bj\u0161\u00ed lokalita nezklamala.<\/p>\n<p>V pond\u011bl\u00ed 10.9. prob\u011bhl prvn\u00ed leto\u0161n\u00ed n\u00e1bor do d\u011btsk\u00e9 sebeobrany KAPAP KIDS a to na na\u0161em centru v Lounech. P\u0159esto\u017ee v Lounech ji\u017e d\u011btsk\u00e1 sebeobrana fungovala v p\u0159echoz\u00edm \u0161koln\u00edm roce, \u00fa\u010dast 25 d\u011bti na n\u00e1boru n\u00e1s mile p\u0159ekvapila a pot\u011b\u0161ila. Tak\u017ee v Lounech n\u00e1m pojedou dva b\u011bhy d\u011btsk\u00e9 sebeobrany. Dosp\u011bl\u00e1k\u016f bylo pon\u011bkud m\u00e9n\u011b, pouze 12 kus\u016f, ale z velk\u00e9 \u010d\u00e1sti to bylo zp\u016fsobem faktem, \u017ee n\u00e1bor byl jin\u00fd den, ne\u017e-li jsou m\u00edstn\u00ed pravideln\u00e9 tr\u00e9ninky. D\u00edky tomu se dost na\u0161ich st\u00e1l\u00fdch cvi\u010denc\u016f z n\u00e1boru omluvilo. Tak\u017ee Louny &#8222;tak\u00e9 obst\u00e1ly bez ztr\u00e1ty kyti\u010dky&#8220;.<\/p>\n<p>Ov\u0161em obrovsk\u00fdm p\u0159ekvapen\u00edm byl n\u00e1bor ve st\u0159edo\u010desk\u00fdch Sedl\u010danech, kde jsme v \u00fater\u00fd 11.9. otv\u00edrali, jak pravideln\u00e9 tr\u00e9ninky d\u011btsk\u00e9, tak dosp\u011bl\u00e1ck\u00e9 sebeobrany. O \u00fa\u010dasti 41 d\u011bt\u00ed jsme ani nesnili, tak\u017ee i zde budou prob\u00edhat 2 b\u011bhy tr\u00e9nink\u016f d\u011btsk\u00e9 sebeobrany t\u00fddn\u011b. Na v\u00fdcvik dosp\u011bl\u00e1k\u016f dorazilo kr\u00e1sn\u00fdch 26 lidi\u010dek star\u0161\u00edch 15 let, tak\u017ee i zde super v\u00fdsledek.<\/p>\n<p>D\u011bkujeme v\u0161em \u00fa\u010dastn\u00edk\u016fm na\u0161ich n\u00e1bor\u016f a t\u011b\u0161\u00edme se na to, \u017ee se budeme i nad\u00e1le potk\u00e1vat na dal\u0161\u00edch tr\u00e9ninc\u00edch a semin\u00e1\u0159\u00edch po cel\u00e9 \u010cR.<\/p>\n<figure id=\"attachment_288\" aria-describedby=\"caption-attachment-288\" style=\"width: 640px\" class=\"wp-caption aligncenter\"><a href=\"http:\/\/www.kapap-czech.cz\/wp-content\/uploads\/2018\/09\/180911_sedlcany_kids.jpg\"><img loading=\"lazy\" class=\"size-large wp-image-288\" alt=\"N\u00e1bor KAPAP KIDS v Sedl\u010danech (11\/9\/2018)\" src=\"http:\/\/www.kapap-czech.cz\/wp-content\/uploads\/2018\/09\/180911_sedlcany_kids-1024x467.jpg\" width=\"640\" height=\"291\" srcset=\"http:\/\/www.kapap-czech.cz\/wp-content\/uploads\/2018\/09\/180911_sedlcany_kids-1024x467.jpg 1024w, http:\/\/www.kapap-czech.cz\/wp-content\/uploads\/2018\/09\/180911_sedlcany_kids-300x137.jpg 300w, http:\/\/www.kapap-czech.cz\/wp-content\/uploads\/2018\/09\/180911_sedlcany_kids.jpg 1919w\" sizes=\"(max-width: 640px) 100vw, 640px\" \/><\/a><figcaption id=\"caption-attachment-288\" class=\"wp-caption-text\">N\u00e1bor KAPAP KIDS v Sedl\u010danech (11\/9\/2018)<\/figcaption><\/figure>\n","protected":false},"excerpt":{"rendered":"<p>N\u00e1bory KAPAP CZECH se n\u00e1m tento rok velice da\u0159\u00ed. V \u00fater\u00fd 4.9. prob\u011bhl prvn\u00ed n\u00e1bor a ka\u017edoro\u010dn\u00edho &#8222;\u010dern\u00e9ho Petra&#8220; vyhr\u00e1la tento rok lokalita Chomutov. I p\u0159esto, \u017ee se jednalo o prvn\u00ed n\u00e1bor tohoto \u0161koln\u00edho roku, bylo v Chomutov\u011b celkem 16 \u00fa\u010dastn\u00edk\u016f n\u00e1boru dosp\u011bl\u00e1ck\u00e9ho programu v\u00fdcviku. Tak\u017ee super. Ve st\u0159edu 5.9. prob\u011bhl prvn\u00ed oficin\u00e1ln\u00ed z\u00e1\u0159iov\u00fd n\u00e1bor &hellip; <\/p>\n<p class=\"link-more\"><a href=\"http:\/\/www.kapap-czech.cz\/?p=289\" class=\"more-link\">Pokra\u010dovat ve \u010dten\u00ed<span class=\"screen-reader-text\"> &#8222;N\u00e1bory KAPAP v Chomutov\u011b, Chebu, Lounech a Sedl\u010danech&#8220;<\/span><\/a><\/p>\n","protected":false},"author":1,"featured_media":0,"comment_status":"closed","ping_status":"closed","sticky":false,"template":"","format":"standard","meta":[],"categories":[3],"tags":[],"aioseo_notices":[],"_links":{"self":[{"href":"http:\/\/www.kapap-czech.cz\/index.php?rest_route=\/wp\/v2\/posts\/289"}],"collection":[{"href":"http:\/\/www.kapap-czech.cz\/index.php?rest_route=\/wp\/v2\/posts"}],"about":[{"href":"http:\/\/www.kapap-czech.cz\/index.php?rest_route=\/wp\/v2\/types\/post"}],"author":[{"embeddable":true,"href":"http:\/\/www.kapap-czech.cz\/index.php?rest_route=\/wp\/v2\/users\/1"}],"replies":[{"embeddable":true,"href":"http:\/\/www.kapap-czech.cz\/index.php?rest_route=%2Fwp%2Fv2%2Fcomments&post=289"}],"version-history":[{"count":1,"href":"http:\/\/www.kapap-czech.cz\/index.php?rest_route=\/wp\/v2\/posts\/289\/revisions"}],"predecessor-version":[{"id":290,"href":"http:\/\/www.kapap-czech.cz\/index.php?rest_route=\/wp\/v2\/posts\/289\/revisions\/290"}],"wp:attachment":[{"href":"http:\/\/www.kapap-czech.cz\/index.php?rest_route=%2Fwp%2Fv2%2Fmedia&parent=289"}],"wp:term":[{"taxonomy":"category","embeddable":true,"href":"http:\/\/www.kapap-czech.cz\/index.php?rest_route=%2Fwp%2Fv2%2Fcategories&post=289"},{"taxonomy":"post_tag","embeddable":true,"href":"http:\/\/www.kapap-czech.cz\/index.php?rest_route=%2Fwp%2Fv2%2Ftags&post=289"}],"curies":[{"name":"wp","href":"https:\/\/api.w.org\/{rel}","templated":true}]}}