{"id":2971,"date":"2022-09-25T20:58:56","date_gmt":"2022-09-25T19:58:56","guid":{"rendered":"http:\/\/www.kapap-czech.cz\/?p=2971"},"modified":"2022-09-25T20:58:58","modified_gmt":"2022-09-25T19:58:58","slug":"kapap-sumava-tour-25-9-2022","status":"publish","type":"post","link":"http:\/\/www.kapap-czech.cz\/?p=2971","title":{"rendered":"KAPAP \u0160UMAVA TOUR (25\/9\/2022)"},"content":{"rendered":"\n<p>KAPAP \u0160UMAVA TOUR aneb ned\u011bln\u00ed semin\u00e1\u0159e na trase SU\u0160ICE &#8211; STRAKONICE &#8211; T\u00c1BOR &#8211; BENE\u0160OV. Perfektn\u00ed zah\u00e1jen\u00ed semin\u00e1\u0159\u016f KAPAP a z\u00e1rove\u0148 super zakon\u010den\u00ed m\u011bs\u00edce z\u00e1\u0159\u00ed, kdy jsou prim\u00e1rn\u011b n\u00e1bory. <\/p>\n\n\n\n<p>D\u011bkuji v\u0161em 45 \u00fa\u010dastn\u00edk\u016fm a \u00fa\u010dastnic\u00edm semin\u00e1\u0159\u016f. Moc r\u00e1d jsem v\u00e1s vid\u011bl a moc r\u00e1d si s v\u00e1mi zacvi\u010dil. A t\u011b\u0161\u00edm se na dal\u0161\u00ed setk\u00e1n\u00ed.<\/p>\n\n\n\n<figure class=\"wp-block-image size-full\"><a href=\"http:\/\/www.kapap-czech.cz\/wp-content\/uploads\/2022\/09\/220925_sumava-tour-all.jpg\"><img loading=\"lazy\" width=\"821\" height=\"820\" src=\"http:\/\/www.kapap-czech.cz\/wp-content\/uploads\/2022\/09\/220925_sumava-tour-all.jpg\" alt=\"KAPAP \u0160UMAVA TOUR (25\/9\/2022)\" class=\"wp-image-2970\" srcset=\"http:\/\/www.kapap-czech.cz\/wp-content\/uploads\/2022\/09\/220925_sumava-tour-all.jpg 821w, http:\/\/www.kapap-czech.cz\/wp-content\/uploads\/2022\/09\/220925_sumava-tour-all-300x300.jpg 300w, http:\/\/www.kapap-czech.cz\/wp-content\/uploads\/2022\/09\/220925_sumava-tour-all-150x150.jpg 150w, http:\/\/www.kapap-czech.cz\/wp-content\/uploads\/2022\/09\/220925_sumava-tour-all-768x767.jpg 768w, http:\/\/www.kapap-czech.cz\/wp-content\/uploads\/2022\/09\/220925_sumava-tour-all-100x100.jpg 100w\" sizes=\"(max-width: 767px) 89vw, (max-width: 1000px) 54vw, (max-width: 1071px) 543px, 580px\" \/><\/a><figcaption>KAPAP \u0160UMAVA TOUR (25\/9\/2022)<\/figcaption><\/figure>\n\n\n\n<p>Za\u010dali jsme v Su\u0161ici v ned\u011bln\u00edm dopoledni. Na 10.00 se n\u00e1m se\u0161la skv\u011bl\u00e1 parta 11 lidi\u010dek v mal\u00e9m s\u00e1le m\u00edstn\u00edho SOU. Po dvou hodin\u00e1ch cvi\u010den\u00ed mus\u00edm uznat, \u017ee m\u00e1me z\u00e1klad skv\u011bl\u00e9 party pro budouc\u00ed lokalitu. <\/p>\n\n\n\n<p>Ve Strakonic\u00edch prob\u011bhl Kurz sebeobrany \u017een (KAPAP WOMAN). I p\u0159es avizovanou pou\u0165, dorazil kr\u00e1sn\u00fd po\u010det 16 \u017een, z p\u016fvodn\u011b 21 registrovan\u00fdch. D\u011bkujeme v\u0161em za \u00fa\u010dast a nasazen\u00ed a t\u011b\u0161\u00edme se na dal\u0161\u00ed akce. <\/p>\n\n\n\n<p>V T\u00e1bo\u0159e se se\u0161li z\u00e1stupci v\u0161ech jiho\u010desk\u00fdch lokality (P\u00edsek, T\u00e1bor i \u010cesk\u00e9 Velenice), co\u017e bylo naprosto \u00fa\u017easn\u00e9. Tak\u017ee jsme si dali kr\u00e1sn\u00fd technick\u00fd semin\u00e1\u0159\u00edk, aby si zacvi\u010dili jako zku\u0161en\u00ed, tak nov\u00e1\u010dci. Mysl\u00edm, \u017ee se to povedlo b\u00e1je\u010dn\u011b a v\u0161ichni si to u\u017eili. <\/p>\n\n\n\n<p>A v Bene\u0161ov\u011b st\u00e1le budujeme, krok po kroku budouc\u00ed lokalitu a sb\u00edr\u00e1me z\u00e1jemce. Tak\u017ee tam jsem tu ned\u011bli \u00fasp\u011b\u0161n\u011b zakon\u010dili. <\/p>\n","protected":false},"excerpt":{"rendered":"<p>KAPAP \u0160UMAVA TOUR aneb ned\u011bln\u00ed semin\u00e1\u0159e na trase SU\u0160ICE &#8211; STRAKONICE &#8211; T\u00c1BOR &#8211; BENE\u0160OV. Perfektn\u00ed zah\u00e1jen\u00ed semin\u00e1\u0159\u016f KAPAP a z\u00e1rove\u0148 super zakon\u010den\u00ed m\u011bs\u00edce z\u00e1\u0159\u00ed, kdy jsou prim\u00e1rn\u011b n\u00e1bory. D\u011bkuji v\u0161em 45 \u00fa\u010dastn\u00edk\u016fm a \u00fa\u010dastnic\u00edm semin\u00e1\u0159\u016f. Moc r\u00e1d jsem v\u00e1s vid\u011bl a moc r\u00e1d si s v\u00e1mi zacvi\u010dil. A t\u011b\u0161\u00edm se na dal\u0161\u00ed setk\u00e1n\u00ed. Za\u010dali &hellip; <\/p>\n<p class=\"link-more\"><a href=\"http:\/\/www.kapap-czech.cz\/?p=2971\" class=\"more-link\">Pokra\u010dovat ve \u010dten\u00ed<span class=\"screen-reader-text\"> &#8222;KAPAP \u0160UMAVA TOUR (25\/9\/2022)&#8220;<\/span><\/a><\/p>\n","protected":false},"author":1,"featured_media":0,"comment_status":"closed","ping_status":"closed","sticky":false,"template":"","format":"standard","meta":[],"categories":[1],"tags":[],"aioseo_notices":[],"_links":{"self":[{"href":"http:\/\/www.kapap-czech.cz\/index.php?rest_route=\/wp\/v2\/posts\/2971"}],"collection":[{"href":"http:\/\/www.kapap-czech.cz\/index.php?rest_route=\/wp\/v2\/posts"}],"about":[{"href":"http:\/\/www.kapap-czech.cz\/index.php?rest_route=\/wp\/v2\/types\/post"}],"author":[{"embeddable":true,"href":"http:\/\/www.kapap-czech.cz\/index.php?rest_route=\/wp\/v2\/users\/1"}],"replies":[{"embeddable":true,"href":"http:\/\/www.kapap-czech.cz\/index.php?rest_route=%2Fwp%2Fv2%2Fcomments&post=2971"}],"version-history":[{"count":1,"href":"http:\/\/www.kapap-czech.cz\/index.php?rest_route=\/wp\/v2\/posts\/2971\/revisions"}],"predecessor-version":[{"id":2972,"href":"http:\/\/www.kapap-czech.cz\/index.php?rest_route=\/wp\/v2\/posts\/2971\/revisions\/2972"}],"wp:attachment":[{"href":"http:\/\/www.kapap-czech.cz\/index.php?rest_route=%2Fwp%2Fv2%2Fmedia&parent=2971"}],"wp:term":[{"taxonomy":"category","embeddable":true,"href":"http:\/\/www.kapap-czech.cz\/index.php?rest_route=%2Fwp%2Fv2%2Fcategories&post=2971"},{"taxonomy":"post_tag","embeddable":true,"href":"http:\/\/www.kapap-czech.cz\/index.php?rest_route=%2Fwp%2Fv2%2Ftags&post=2971"}],"curies":[{"name":"wp","href":"https:\/\/api.w.org\/{rel}","templated":true}]}}