{"id":3155,"date":"2023-05-11T07:38:44","date_gmt":"2023-05-11T06:38:44","guid":{"rendered":"http:\/\/www.kapap-czech.cz\/?p=3155"},"modified":"2023-05-11T07:40:53","modified_gmt":"2023-05-11T06:40:53","slug":"vychodoceska-kapap-tour-za-dvermi","status":"publish","type":"post","link":"http:\/\/www.kapap-czech.cz\/?p=3155","title":{"rendered":"V\u00fdchodo\u010desk\u00e1 KAPAP tour za dve\u0159mi"},"content":{"rendered":"\n<p>U\u017e tento v\u00edkend se bude konat dal\u0161\u00ed V\u00fdchodo\u010desk\u00e1 KAPAP tour, kdy s na\u0161imi semin\u00e1\u0159i projedeme v sobotu lokality <a href=\"http:\/\/www.kapap-czech.cz\/?page_id=2811\">DV\u016eR KR\u00c1LOV\u00c9 NAD LABEM<\/a> &#8211; N\u00c1CHOD &#8211; DOBRU\u0160KA (sebeobrana \u017een) &#8211; RYCHNOV NAD KN\u011a\u017dNOU &#8211; KOSTELEC NAD ORLIC\u00cd. <\/p>\n\n\n\n<p>A v ned\u011bli trasu PARDUBICE &#8211; \u010c\u00c1SLAV (sebeobrana \u017een) &#8211; KUTN\u00c1 HORA &#8211; KOL\u00cdN. <\/p>\n\n\n\n<p>Tak\u017ee n\u00e1s \u010dek\u00e1 kr\u00e1sn\u00fdch 9 semin\u00e1\u0159\u016f a jedine\u010dn\u00fdch 13,5 hodiny tr\u00e9nink\u016f. Vyu\u017eijte mo\u017enosti zamakat si co nejv\u00edce pod veden\u00edm hlavn\u00edho tren\u00e9ra. Registrace tradi\u010dn\u011b v <a href=\"http:\/\/www.kapap-czech.cz\/?page_id=81\">REGISTRACE NA AKCE<\/a> &#8211; tak\u017ee nev\u00e1hejte a p\u0159idejte se. <\/p>\n\n\n\n<figure class=\"wp-block-image size-large\"><a href=\"http:\/\/www.kapap-czech.cz\/wp-content\/uploads\/2023\/05\/230513-14-letak-vychodoceska-tour.jpg\"><img loading=\"lazy\" width=\"748\" height=\"1024\" src=\"http:\/\/www.kapap-czech.cz\/wp-content\/uploads\/2023\/05\/230513-14-letak-vychodoceska-tour-748x1024.jpg\" alt=\"Let\u00e1k V\u00fdchodo\u010desk\u00e1 KAPAP tour\" class=\"wp-image-3154\" srcset=\"http:\/\/www.kapap-czech.cz\/wp-content\/uploads\/2023\/05\/230513-14-letak-vychodoceska-tour-748x1024.jpg 748w, http:\/\/www.kapap-czech.cz\/wp-content\/uploads\/2023\/05\/230513-14-letak-vychodoceska-tour-219x300.jpg 219w, http:\/\/www.kapap-czech.cz\/wp-content\/uploads\/2023\/05\/230513-14-letak-vychodoceska-tour-768x1052.jpg 768w, http:\/\/www.kapap-czech.cz\/wp-content\/uploads\/2023\/05\/230513-14-letak-vychodoceska-tour.jpg 779w\" sizes=\"(max-width: 706px) 89vw, (max-width: 767px) 82vw, 740px\" \/><\/a><figcaption>Let\u00e1k V\u00fdchodo\u010desk\u00e1 KAPAP tour<\/figcaption><\/figure>\n","protected":false},"excerpt":{"rendered":"<p>U\u017e tento v\u00edkend se bude konat dal\u0161\u00ed V\u00fdchodo\u010desk\u00e1 KAPAP tour, kdy s na\u0161imi semin\u00e1\u0159i projedeme v sobotu lokality DV\u016eR KR\u00c1LOV\u00c9 NAD LABEM &#8211; N\u00c1CHOD &#8211; DOBRU\u0160KA (sebeobrana \u017een) &#8211; RYCHNOV NAD KN\u011a\u017dNOU &#8211; KOSTELEC NAD ORLIC\u00cd. A v ned\u011bli trasu PARDUBICE &#8211; \u010c\u00c1SLAV (sebeobrana \u017een) &#8211; KUTN\u00c1 HORA &#8211; KOL\u00cdN. Tak\u017ee n\u00e1s \u010dek\u00e1 kr\u00e1sn\u00fdch 9 &hellip; <\/p>\n<p class=\"link-more\"><a href=\"http:\/\/www.kapap-czech.cz\/?p=3155\" class=\"more-link\">Pokra\u010dovat ve \u010dten\u00ed<span class=\"screen-reader-text\"> &#8222;V\u00fdchodo\u010desk\u00e1 KAPAP tour za dve\u0159mi&#8220;<\/span><\/a><\/p>\n","protected":false},"author":1,"featured_media":0,"comment_status":"closed","ping_status":"closed","sticky":false,"template":"","format":"standard","meta":[],"categories":[1],"tags":[],"aioseo_notices":[],"_links":{"self":[{"href":"http:\/\/www.kapap-czech.cz\/index.php?rest_route=\/wp\/v2\/posts\/3155"}],"collection":[{"href":"http:\/\/www.kapap-czech.cz\/index.php?rest_route=\/wp\/v2\/posts"}],"about":[{"href":"http:\/\/www.kapap-czech.cz\/index.php?rest_route=\/wp\/v2\/types\/post"}],"author":[{"embeddable":true,"href":"http:\/\/www.kapap-czech.cz\/index.php?rest_route=\/wp\/v2\/users\/1"}],"replies":[{"embeddable":true,"href":"http:\/\/www.kapap-czech.cz\/index.php?rest_route=%2Fwp%2Fv2%2Fcomments&post=3155"}],"version-history":[{"count":2,"href":"http:\/\/www.kapap-czech.cz\/index.php?rest_route=\/wp\/v2\/posts\/3155\/revisions"}],"predecessor-version":[{"id":3158,"href":"http:\/\/www.kapap-czech.cz\/index.php?rest_route=\/wp\/v2\/posts\/3155\/revisions\/3158"}],"wp:attachment":[{"href":"http:\/\/www.kapap-czech.cz\/index.php?rest_route=%2Fwp%2Fv2%2Fmedia&parent=3155"}],"wp:term":[{"taxonomy":"category","embeddable":true,"href":"http:\/\/www.kapap-czech.cz\/index.php?rest_route=%2Fwp%2Fv2%2Fcategories&post=3155"},{"taxonomy":"post_tag","embeddable":true,"href":"http:\/\/www.kapap-czech.cz\/index.php?rest_route=%2Fwp%2Fv2%2Ftags&post=3155"}],"curies":[{"name":"wp","href":"https:\/\/api.w.org\/{rel}","templated":true}]}}