{"id":3169,"date":"2023-07-04T08:55:00","date_gmt":"2023-07-04T07:55:00","guid":{"rendered":"http:\/\/www.kapap-czech.cz\/?p=3169"},"modified":"2023-07-19T07:56:54","modified_gmt":"2023-07-19T06:56:54","slug":"letni-treninky-kapap","status":"publish","type":"post","link":"http:\/\/www.kapap-czech.cz\/?p=3169","title":{"rendered":"Letn\u00ed tr\u00e9ninky KAPAP"},"content":{"rendered":"\n<p>Je tu op\u011bt letn\u00ed provoz a s n\u00edm letn\u00ed tr\u00e9ninky. V \u010dl\u00e1nku nast\u00edn\u00edme, jak to bude ve kter\u00fdch lokalit\u00e1ch vypadat. <\/p>\n\n\n\n<p>Samoz\u0159ejm\u011b l\u00e9to je \u010das dovolen\u00fdch a odpo\u010dinku, ale i p\u0159esto m\u00e1me lokality, kde budou prob\u00edhat tr\u00e9ninky pravideln\u011b cel\u00e9 l\u00e9to &#8211; samoz\u0159ejm\u011b za p\u0159edpokladu, \u017ee bude z\u00e1jem. <\/p>\n\n\n\n<p>Pravideln\u00e9 tr\u00e9ninky prob\u00edhaj\u00ed v t\u011bchto lokalit\u00e1ch:  <\/p>\n\n\n\n<ol><li><strong>DOB\u0158\u00cd\u0160<\/strong> &#8211; pravideln\u00e9 tr\u00e9ninky ka\u017ed\u00e9 POND\u011aL\u00cd v \u010dase 18.30-20.00, t\u011blocvi\u010dna Dob\u0159\u00ed\u0161, vede Mike nebo Fanda<\/li><li><strong>JIHLAVA<\/strong> &#8211; pravideln\u00e9 tr\u00e9ninky ka\u017ed\u00e9 \u00daTER\u00dd v \u010dase 18.00-20.00, \u00fatulek P\u00edstov, vede Radek a Tom\u00e1\u0161 Truhl\u00e1\u0159<\/li><li><strong>BRNO<\/strong> &#8211; pravideln\u00e9 tr\u00e9ninky ka\u017ed\u00e9 \u00daTER\u00dd od 19.00, sraz u Penny, P\u0159\u00edstavn\u00ed, Brno-Bystrc, vede Rita<\/li><li><strong>P\u0158\u00cdBRAM<\/strong> &#8211; pravideln\u00e9 tr\u00e9ninky ka\u017ed\u00e9 \u00daTER\u00dd a \u010cTVRTEK od 18.30, Boxerna Mixova, vede Tade\u00e1\u0161<\/li><li><strong>HO\u0158OVICE<\/strong> &#8211; pravideln\u00e9 tr\u00e9ninky ka\u017edou ST\u0158EDU od 18.30, sraz u Wellness Dra\u017eovka, vede Fanda<\/li><li><strong>\u010cESK\u00c9 VELENICE<\/strong> &#8211; pravideln\u00e9 tr\u00e9ninky ka\u017edou ST\u0158EDU v \u010dase 18.00, sraz u Stadionu, vede Tom\u00e1\u0161 Dlab\u00edk<\/li><li><strong>P\u00cdSEK<\/strong> &#8211; pravideln\u00e9 tr\u00e9ninky ka\u017edou ST\u0158EDU od 18.30, sraz na Smet\u00e1ku, vede Tom\u00e1\u0161 Hlav\u00edn<\/li><li><strong>SLAN\u00dd<\/strong> &#8211; pravideln\u00e9 tr\u00e9ninky ka\u017ed\u00fd \u010cTVRTEK od 19.00, h\u0159i\u0161t\u011b TJ Slavoj u vod\u00e1rny, vede M\u00edra nebo Petr<\/li><\/ol>\n\n\n\n<p>Druh\u00fdm typem jsou lokality, kde prob\u00edhaj\u00ed tr\u00e9ninky nepravideln\u011b, v\u011bt\u0161inou podle mo\u017enost\u00ed a volna tren\u00e9ra: <\/p>\n\n\n\n<ol><li><strong>DV\u016eR KR\u00c1LOV\u00c9<\/strong> &#8211; vede Ale\u0161, term\u00edny vypisuje do messengeru lokalit Dv\u016fr a Hradec Kr\u00e1lov\u00e9<\/li><li><strong>HRADEC KR\u00c1LOV\u00c9<\/strong> &#8211; vede David, term\u00edny vypisuje do messengeru lokalit Dv\u016fr a Hradec Kr\u00e1lov\u00e9<\/li><li><strong>PARDUBICE<\/strong> &#8211; vede Mike, term\u00edny vypisuje do messengeru lokalit Pardubice, Kutn\u00e1 Hora a Hradec Kr\u00e1lov\u00e9<\/li><li><strong>CHOMUTOV<\/strong> &#8211; vede Jirka, d\u00e1v\u00e1 v\u011bd\u011bt p\u0159\u00edmo \u010dlen\u016fm chomutovsk\u00e9 KAPAP skupiny, pop\u0159. do Chomutovsk\u00e9ho messengeru<\/li><li><strong>BEROUN<\/strong> &#8211; vede Fanda, term\u00edny vypisuje do berounsk\u00e9ho a ho\u0159ovick\u00e9ho messengeru<\/li><li><strong>PLZE\u0147<\/strong> &#8211; vede Fanda, term\u00edny vypisuje do plze\u0144sk\u00e9ho messengeru<\/li><\/ol>\n\n\n\n<p>V\u00fdcviky v ostatn\u00edch lokalit\u00e1ch (<strong>JEMNICE, LOUNY, KUTN\u00c1 HORA, MARI\u00c1NSK\u00c9 L\u00c1ZN\u011a, T\u00c1BOR, SEDL\u010cANY<\/strong> a <strong>\u017d\u010e\u00c1R NAD S\u00c1ZAVOU<\/strong>) bu\u010f maj\u00ed let\u00ed p\u0159est\u00e1vku (hlavn\u011b uz d\u016fvod\u016f pron\u00e1jm\u016f prostor) nebo jsou na osobn\u00ed domluv\u011b s m\u00edstn\u00ed tren\u00e9rem, pop\u0159. Mikem.<\/p>\n\n\n\n<p><\/p>\n","protected":false},"excerpt":{"rendered":"<p>Je tu op\u011bt letn\u00ed provoz a s n\u00edm letn\u00ed tr\u00e9ninky. V \u010dl\u00e1nku nast\u00edn\u00edme, jak to bude ve kter\u00fdch lokalit\u00e1ch vypadat. Samoz\u0159ejm\u011b l\u00e9to je \u010das dovolen\u00fdch a odpo\u010dinku, ale i p\u0159esto m\u00e1me lokality, kde budou prob\u00edhat tr\u00e9ninky pravideln\u011b cel\u00e9 l\u00e9to &#8211; samoz\u0159ejm\u011b za p\u0159edpokladu, \u017ee bude z\u00e1jem. Pravideln\u00e9 tr\u00e9ninky prob\u00edhaj\u00ed v t\u011bchto lokalit\u00e1ch: DOB\u0158\u00cd\u0160 &#8211; pravideln\u00e9 &hellip; <\/p>\n<p class=\"link-more\"><a href=\"http:\/\/www.kapap-czech.cz\/?p=3169\" class=\"more-link\">Pokra\u010dovat ve \u010dten\u00ed<span class=\"screen-reader-text\"> &#8222;Letn\u00ed tr\u00e9ninky KAPAP&#8220;<\/span><\/a><\/p>\n","protected":false},"author":1,"featured_media":0,"comment_status":"closed","ping_status":"closed","sticky":false,"template":"","format":"standard","meta":[],"categories":[3],"tags":[],"aioseo_notices":[],"_links":{"self":[{"href":"http:\/\/www.kapap-czech.cz\/index.php?rest_route=\/wp\/v2\/posts\/3169"}],"collection":[{"href":"http:\/\/www.kapap-czech.cz\/index.php?rest_route=\/wp\/v2\/posts"}],"about":[{"href":"http:\/\/www.kapap-czech.cz\/index.php?rest_route=\/wp\/v2\/types\/post"}],"author":[{"embeddable":true,"href":"http:\/\/www.kapap-czech.cz\/index.php?rest_route=\/wp\/v2\/users\/1"}],"replies":[{"embeddable":true,"href":"http:\/\/www.kapap-czech.cz\/index.php?rest_route=%2Fwp%2Fv2%2Fcomments&post=3169"}],"version-history":[{"count":2,"href":"http:\/\/www.kapap-czech.cz\/index.php?rest_route=\/wp\/v2\/posts\/3169\/revisions"}],"predecessor-version":[{"id":3171,"href":"http:\/\/www.kapap-czech.cz\/index.php?rest_route=\/wp\/v2\/posts\/3169\/revisions\/3171"}],"wp:attachment":[{"href":"http:\/\/www.kapap-czech.cz\/index.php?rest_route=%2Fwp%2Fv2%2Fmedia&parent=3169"}],"wp:term":[{"taxonomy":"category","embeddable":true,"href":"http:\/\/www.kapap-czech.cz\/index.php?rest_route=%2Fwp%2Fv2%2Fcategories&post=3169"},{"taxonomy":"post_tag","embeddable":true,"href":"http:\/\/www.kapap-czech.cz\/index.php?rest_route=%2Fwp%2Fv2%2Ftags&post=3169"}],"curies":[{"name":"wp","href":"https:\/\/api.w.org\/{rel}","templated":true}]}}