{"id":3177,"date":"2023-07-21T20:58:00","date_gmt":"2023-07-21T19:58:00","guid":{"rendered":"http:\/\/www.kapap-czech.cz\/?p=3177"},"modified":"2023-09-08T10:20:46","modified_gmt":"2023-09-08T09:20:46","slug":"nabory-kapap-czech","status":"publish","type":"post","link":"http:\/\/www.kapap-czech.cz\/?p=3177","title":{"rendered":"N\u00c1BORY KAPAP CZECH"},"content":{"rendered":"\n<p>Pr\u00e1zdniny let\u00ed jako v\u00edtr a za chv\u00edli tu m\u00e1me z\u00e1\u0159\u00ed a s n\u00edm za\u010d\u00e1tek nov\u00e9ho \u0161koln\u00edho \/ v\u00fdcvikov\u00e9ho roku. <\/p>\n\n\n\n<figure class=\"wp-block-image size-large\"><a href=\"http:\/\/www.kapap-czech.cz\/wp-content\/uploads\/2023\/07\/mapa_kapap_czech_nabory_2023.jpg\"><img loading=\"lazy\" width=\"1024\" height=\"576\" src=\"http:\/\/www.kapap-czech.cz\/wp-content\/uploads\/2023\/07\/mapa_kapap_czech_nabory_2023-1024x576.jpg\" alt=\"Mapa KAPAP CZECH pro n\u00e1bory z\u00e1\u0159\u00ed 2023\" class=\"wp-image-3183\" srcset=\"http:\/\/www.kapap-czech.cz\/wp-content\/uploads\/2023\/07\/mapa_kapap_czech_nabory_2023-1024x576.jpg 1024w, http:\/\/www.kapap-czech.cz\/wp-content\/uploads\/2023\/07\/mapa_kapap_czech_nabory_2023-300x169.jpg 300w, http:\/\/www.kapap-czech.cz\/wp-content\/uploads\/2023\/07\/mapa_kapap_czech_nabory_2023-768x432.jpg 768w, http:\/\/www.kapap-czech.cz\/wp-content\/uploads\/2023\/07\/mapa_kapap_czech_nabory_2023.jpg 1536w\" sizes=\"(max-width: 767px) 89vw, (max-width: 1000px) 54vw, (max-width: 1071px) 543px, 580px\" \/><\/a><figcaption>Mapa KAPAP CZECH pro n\u00e1bory z\u00e1\u0159\u00ed 2023<\/figcaption><\/figure>\n\n\n\n<p>Toto z\u00e1\u0159\u00ed otvr\u00e1me 14 lokalit d\u011btsk\u00fdch tr\u00e9nink\u016f. Oproti minul\u00e9mu \u0161koln\u00edmu roku to je n\u00e1r\u016fst o 4 nov\u00e9 lokality d\u011bt\u00ed &#8211; \u010cESK\u00c9 VELENICE, P\u00cdSEK, BYST\u0158ICE NAD PERN\u0160TEJNEM a \u017d\u010e\u00c1R NAD S\u00c1ZAVOU. A zde je seznam n\u00e1boru krou\u017ek\u016f d\u011btsk\u00e9 sebeobrany. <\/p>\n\n\n\n<figure class=\"wp-block-image size-full\"><a href=\"http:\/\/www.kapap-czech.cz\/wp-content\/uploads\/2023\/07\/nabory-kapap-2023-deti.jpg\"><img loading=\"lazy\" width=\"637\" height=\"468\" src=\"http:\/\/www.kapap-czech.cz\/wp-content\/uploads\/2023\/07\/nabory-kapap-2023-deti.jpg\" alt=\"N\u00c1BORY KAPAP 2023: PRAVIDELN\u00c9 TR\u00c9NINKY D\u011aT\u00cd\" class=\"wp-image-3174\" srcset=\"http:\/\/www.kapap-czech.cz\/wp-content\/uploads\/2023\/07\/nabory-kapap-2023-deti.jpg 637w, http:\/\/www.kapap-czech.cz\/wp-content\/uploads\/2023\/07\/nabory-kapap-2023-deti-300x220.jpg 300w\" sizes=\"(max-width: 637px) 100vw, 637px\" \/><\/a><figcaption>N\u00c1BORY KAPAP 2023: PRAVIDELN\u00c9 TR\u00c9NINKY D\u011aT\u00cd<\/figcaption><\/figure>\n\n\n\n<p>Dosp\u011bl\u00e1ck\u00fdch lokalit otv\u00edr\u00e1me 22, \u00fapln\u011b nov\u011b BENE\u0160OV a PARDUBICE. A b\u011bhem \u0161koln\u00edho roku m\u00e1me v pl\u00e1nu je\u0161t\u011b otev\u0159\u00edt dal\u0161\u00ed pravideln\u00e9 dosp\u011bl\u00e1ck\u00e9 tr\u00e9ninky &#8211; tak\u017ee pe\u010dliv\u011b sledujte na kan\u00e1ly. Zat\u00edm vypad\u00e1 n\u00e1borov\u00fd pl\u00e1n takto: <\/p>\n\n\n\n<figure class=\"wp-block-image size-full\"><a href=\"http:\/\/www.kapap-czech.cz\/wp-content\/uploads\/2023\/07\/nabory-kapap-2023-dospeli.jpg\"><img loading=\"lazy\" width=\"587\" height=\"596\" src=\"http:\/\/www.kapap-czech.cz\/wp-content\/uploads\/2023\/07\/nabory-kapap-2023-dospeli.jpg\" alt=\"N\u00c1BORY KAPAP 2023: TR\u00c9NINKY ML\u00c1DE\u017d &amp; DOSP\u011aL\u00cd\" class=\"wp-image-3175\" srcset=\"http:\/\/www.kapap-czech.cz\/wp-content\/uploads\/2023\/07\/nabory-kapap-2023-dospeli.jpg 587w, http:\/\/www.kapap-czech.cz\/wp-content\/uploads\/2023\/07\/nabory-kapap-2023-dospeli-295x300.jpg 295w\" sizes=\"(max-width: 587px) 100vw, 587px\" \/><\/a><figcaption>N\u00c1BORY KAPAP 2023: TR\u00c9NINKY ML\u00c1DE\u017d &amp; DOSP\u011aL\u00cd<\/figcaption><\/figure>\n\n\n\n<p>T\u011b\u0161\u00edme se na setk\u00e1n\u00ed s v\u00e1mi na jak\u00e9mkoliv z n\u00e1bor\u016f a p\u0159ejeme si, aby se tr\u00e9ninky d\u011bt\u00ed i dosp\u011bl\u00fdch ve v\u0161ech lokalit\u00e1ch naplnily do maxim\u00e1ln\u00ed kapacity. <\/p>\n","protected":false},"excerpt":{"rendered":"<p>Pr\u00e1zdniny let\u00ed jako v\u00edtr a za chv\u00edli tu m\u00e1me z\u00e1\u0159\u00ed a s n\u00edm za\u010d\u00e1tek nov\u00e9ho \u0161koln\u00edho \/ v\u00fdcvikov\u00e9ho roku. Toto z\u00e1\u0159\u00ed otvr\u00e1me 14 lokalit d\u011btsk\u00fdch tr\u00e9nink\u016f. Oproti minul\u00e9mu \u0161koln\u00edmu roku to je n\u00e1r\u016fst o 4 nov\u00e9 lokality d\u011bt\u00ed &#8211; \u010cESK\u00c9 VELENICE, P\u00cdSEK, BYST\u0158ICE NAD PERN\u0160TEJNEM a \u017d\u010e\u00c1R NAD S\u00c1ZAVOU. A zde je seznam n\u00e1boru krou\u017ek\u016f &hellip; <\/p>\n<p class=\"link-more\"><a href=\"http:\/\/www.kapap-czech.cz\/?p=3177\" class=\"more-link\">Pokra\u010dovat ve \u010dten\u00ed<span class=\"screen-reader-text\"> &#8222;N\u00c1BORY KAPAP CZECH&#8220;<\/span><\/a><\/p>\n","protected":false},"author":1,"featured_media":0,"comment_status":"closed","ping_status":"closed","sticky":false,"template":"","format":"standard","meta":[],"categories":[1],"tags":[],"aioseo_notices":[],"_links":{"self":[{"href":"http:\/\/www.kapap-czech.cz\/index.php?rest_route=\/wp\/v2\/posts\/3177"}],"collection":[{"href":"http:\/\/www.kapap-czech.cz\/index.php?rest_route=\/wp\/v2\/posts"}],"about":[{"href":"http:\/\/www.kapap-czech.cz\/index.php?rest_route=\/wp\/v2\/types\/post"}],"author":[{"embeddable":true,"href":"http:\/\/www.kapap-czech.cz\/index.php?rest_route=\/wp\/v2\/users\/1"}],"replies":[{"embeddable":true,"href":"http:\/\/www.kapap-czech.cz\/index.php?rest_route=%2Fwp%2Fv2%2Fcomments&post=3177"}],"version-history":[{"count":4,"href":"http:\/\/www.kapap-czech.cz\/index.php?rest_route=\/wp\/v2\/posts\/3177\/revisions"}],"predecessor-version":[{"id":3185,"href":"http:\/\/www.kapap-czech.cz\/index.php?rest_route=\/wp\/v2\/posts\/3177\/revisions\/3185"}],"wp:attachment":[{"href":"http:\/\/www.kapap-czech.cz\/index.php?rest_route=%2Fwp%2Fv2%2Fmedia&parent=3177"}],"wp:term":[{"taxonomy":"category","embeddable":true,"href":"http:\/\/www.kapap-czech.cz\/index.php?rest_route=%2Fwp%2Fv2%2Fcategories&post=3177"},{"taxonomy":"post_tag","embeddable":true,"href":"http:\/\/www.kapap-czech.cz\/index.php?rest_route=%2Fwp%2Fv2%2Ftags&post=3177"}],"curies":[{"name":"wp","href":"https:\/\/api.w.org\/{rel}","templated":true}]}}