{"id":347,"date":"2018-10-21T20:20:18","date_gmt":"2018-10-21T20:20:18","guid":{"rendered":"http:\/\/www.kapap-czech.cz\/?p=347"},"modified":"2018-10-21T20:20:18","modified_gmt":"2018-10-21T20:20:18","slug":"seminar-kapap-knife-ve-varsave-20102018","status":"publish","type":"post","link":"http:\/\/www.kapap-czech.cz\/?p=347","title":{"rendered":"SEMIN\u00c1\u0158 KAPAP KNIFE VE VAR\u0160AV\u011a (20\/10\/2018)"},"content":{"rendered":"<figure id=\"attachment_346\" aria-describedby=\"caption-attachment-346\" style=\"width: 640px\" class=\"wp-caption aligncenter\"><a href=\"http:\/\/www.kapap-czech.cz\/wp-content\/uploads\/2018\/10\/181020_varsava.jpg\"><img loading=\"lazy\" class=\"size-large wp-image-346\" alt=\"Semin\u00e1\u0159 KAPAP KNIFE ve Var\u0161av\u011b (Polsko, 20\/10\/2018)\" src=\"http:\/\/www.kapap-czech.cz\/wp-content\/uploads\/2018\/10\/181020_varsava-1024x1024.jpg\" width=\"640\" height=\"640\" srcset=\"http:\/\/www.kapap-czech.cz\/wp-content\/uploads\/2018\/10\/181020_varsava-1024x1024.jpg 1024w, http:\/\/www.kapap-czech.cz\/wp-content\/uploads\/2018\/10\/181020_varsava-150x150.jpg 150w, http:\/\/www.kapap-czech.cz\/wp-content\/uploads\/2018\/10\/181020_varsava-300x300.jpg 300w, http:\/\/www.kapap-czech.cz\/wp-content\/uploads\/2018\/10\/181020_varsava.jpg 2047w\" sizes=\"(max-width: 640px) 100vw, 640px\" \/><\/a><figcaption id=\"caption-attachment-346\" class=\"wp-caption-text\">Semin\u00e1\u0159 KAPAP KNIFE ve Var\u0161av\u011b (Polsko, 20\/10\/2018)<\/figcaption><\/figure>\n<p>V sobotu 20.10.2018 prob\u011bhl semin\u00e1\u0159 KAPAP KNIFE pod osobn\u00edm veden\u00edm instruktora Michala Janou\u0161ka (Mike) v polsk\u00e9m hlavn\u00edm m\u011bst\u011b &#8211; Var\u0161av\u011b.<\/p>\n<p>Jeliko\u017e n\u00e1pln\u00ed semin\u00e1\u0159e byla prim\u00e1rn\u011b obrana proti \u00fatoku \u010di ohro\u017eov\u00e1n\u00ed no\u017eem, dohodli jsme se s organiz\u00e1tory, \u017ee semin\u00e1\u0159 prob\u011bhne za rozumn\u00e9ho po\u010das\u00ed venku. A to se povedlo.<\/p>\n<p>D\u011bkuji t\u00edmto Karolu Zwierchovsk\u00e9mu za pozv\u00e1n\u00ed a zabezpe\u010den\u00ed cel\u00e9 akce. D\u011bkuji cvi\u010denc\u016fm za \u00fa\u010dast a d\u011bkuji za pomoc s veden\u00edm semin\u00e1\u0159e sv\u00fdm t\u0159em instruktor\u016fm, kte\u0159\u00ed m\u011b do Polska doprov\u00e1zeli &#8211;\u00a0<a href=\"https:\/\/www.facebook.com\/tadeas.cernohous?__tn__=K-R&amp;eid=ARDUPbi5dMb0dkXitfREz8P57s_7KmyviGCEc51O9epk21QjoClVGOevO-2oNOQmDm2tD5wu-lzyUnTK&amp;fref=mentions&amp;__xts__%5B0%5D=68.ARBv1_uhebvudouqftMyx5ixqXinlv0k0qfHjiPpH9ZrdZSwfeMkW2_ZjPSkN-BgzimTOY3vnLjJK6MkLRTMBcDZMgShgA6UzqHv7yi3IaP6clqcf7XBdBpxHS0EIUWHybYThrc55R9-xdmBQKvvb35hTsaWPlrVBkk0hX46_d7odR_UAwZnkvNeI_iPjuEzR1Inm75MHAwUfPPeEqHuMIiH8ts\" data-hovercard=\"\/ajax\/hovercard\/user.php?id=1732587551&amp;extragetparams=%7B%22__tn__%22%3A%22%2CdK-R-R%22%2C%22eid%22%3A%22ARDUPbi5dMb0dkXitfREz8P57s_7KmyviGCEc51O9epk21QjoClVGOevO-2oNOQmDm2tD5wu-lzyUnTK%22%2C%22fref%22%3A%22mentions%22%7D\" data-hovercard-prefer-more-content-show=\"1\">Tade\u00e1\u0161 \u010cernohous<\/a>,\u00a0<a href=\"https:\/\/www.facebook.com\/profile.php?id=100012200584420&amp;__tn__=K-R&amp;eid=ARCKcpM5QrbAaKck4kz2Q40Q6_C2vSDIj024JOVll5xeLUu4h3tUas_UVtTJEMjYFlTFwXs3mJv80UL4&amp;fref=mentions&amp;__xts__%5B0%5D=68.ARBv1_uhebvudouqftMyx5ixqXinlv0k0qfHjiPpH9ZrdZSwfeMkW2_ZjPSkN-BgzimTOY3vnLjJK6MkLRTMBcDZMgShgA6UzqHv7yi3IaP6clqcf7XBdBpxHS0EIUWHybYThrc55R9-xdmBQKvvb35hTsaWPlrVBkk0hX46_d7odR_UAwZnkvNeI_iPjuEzR1Inm75MHAwUfPPeEqHuMIiH8ts\" data-hovercard=\"\/ajax\/hovercard\/user.php?id=100012200584420&amp;extragetparams=%7B%22__tn__%22%3A%22%2CdK-R-R%22%2C%22eid%22%3A%22ARCKcpM5QrbAaKck4kz2Q40Q6_C2vSDIj024JOVll5xeLUu4h3tUas_UVtTJEMjYFlTFwXs3mJv80UL4%22%2C%22fref%22%3A%22mentions%22%7D\" data-hovercard-prefer-more-content-show=\"1\">Pep\u00e9 Lop\u00e9z<\/a>\u00a0a\u00a0<a href=\"https:\/\/www.facebook.com\/ales.koubik.56?__tn__=K-R&amp;eid=ARDfBjMZ3-a72RBsC_mGnpxUxDkIRDQxH7ORkWhTtdh9W9bxhQ3fwYo5dd3bzlguQUr5GDajc6nE-kWh&amp;fref=mentions&amp;__xts__%5B0%5D=68.ARBv1_uhebvudouqftMyx5ixqXinlv0k0qfHjiPpH9ZrdZSwfeMkW2_ZjPSkN-BgzimTOY3vnLjJK6MkLRTMBcDZMgShgA6UzqHv7yi3IaP6clqcf7XBdBpxHS0EIUWHybYThrc55R9-xdmBQKvvb35hTsaWPlrVBkk0hX46_d7odR_UAwZnkvNeI_iPjuEzR1Inm75MHAwUfPPeEqHuMIiH8ts\" data-hovercard=\"\/ajax\/hovercard\/user.php?id=100000177111002&amp;extragetparams=%7B%22__tn__%22%3A%22%2CdK-R-R%22%2C%22eid%22%3A%22ARDfBjMZ3-a72RBsC_mGnpxUxDkIRDQxH7ORkWhTtdh9W9bxhQ3fwYo5dd3bzlguQUr5GDajc6nE-kWh%22%2C%22fref%22%3A%22mentions%22%7D\" data-hovercard-prefer-more-content-show=\"1\">Ale\u0161 Koub\u00edk<\/a>.<\/p>\n<p>D\u011bkuji polsk\u00fdm p\u0159\u00e1tel\u016fm za pozv\u00e1n\u00ed, skv\u011bl\u00e9 p\u0159ijet\u00ed, p\u0159\u00edjemn\u00e9 posezen\u00ed a v\u00fdte\u010dn\u00fd support.<\/p>\n<p>&nbsp;<\/p>\n","protected":false},"excerpt":{"rendered":"<p>V sobotu 20.10.2018 prob\u011bhl semin\u00e1\u0159 KAPAP KNIFE pod osobn\u00edm veden\u00edm instruktora Michala Janou\u0161ka (Mike) v polsk\u00e9m hlavn\u00edm m\u011bst\u011b &#8211; Var\u0161av\u011b. Jeliko\u017e n\u00e1pln\u00ed semin\u00e1\u0159e byla prim\u00e1rn\u011b obrana proti \u00fatoku \u010di ohro\u017eov\u00e1n\u00ed no\u017eem, dohodli jsme se s organiz\u00e1tory, \u017ee semin\u00e1\u0159 prob\u011bhne za rozumn\u00e9ho po\u010das\u00ed venku. A to se povedlo. D\u011bkuji t\u00edmto Karolu Zwierchovsk\u00e9mu za pozv\u00e1n\u00ed a zabezpe\u010den\u00ed &hellip; <\/p>\n<p class=\"link-more\"><a href=\"http:\/\/www.kapap-czech.cz\/?p=347\" class=\"more-link\">Pokra\u010dovat ve \u010dten\u00ed<span class=\"screen-reader-text\"> &#8222;SEMIN\u00c1\u0158 KAPAP KNIFE VE VAR\u0160AV\u011a (20\/10\/2018)&#8220;<\/span><\/a><\/p>\n","protected":false},"author":1,"featured_media":0,"comment_status":"closed","ping_status":"closed","sticky":false,"template":"","format":"standard","meta":[],"categories":[3],"tags":[],"aioseo_notices":[],"_links":{"self":[{"href":"http:\/\/www.kapap-czech.cz\/index.php?rest_route=\/wp\/v2\/posts\/347"}],"collection":[{"href":"http:\/\/www.kapap-czech.cz\/index.php?rest_route=\/wp\/v2\/posts"}],"about":[{"href":"http:\/\/www.kapap-czech.cz\/index.php?rest_route=\/wp\/v2\/types\/post"}],"author":[{"embeddable":true,"href":"http:\/\/www.kapap-czech.cz\/index.php?rest_route=\/wp\/v2\/users\/1"}],"replies":[{"embeddable":true,"href":"http:\/\/www.kapap-czech.cz\/index.php?rest_route=%2Fwp%2Fv2%2Fcomments&post=347"}],"version-history":[{"count":1,"href":"http:\/\/www.kapap-czech.cz\/index.php?rest_route=\/wp\/v2\/posts\/347\/revisions"}],"predecessor-version":[{"id":348,"href":"http:\/\/www.kapap-czech.cz\/index.php?rest_route=\/wp\/v2\/posts\/347\/revisions\/348"}],"wp:attachment":[{"href":"http:\/\/www.kapap-czech.cz\/index.php?rest_route=%2Fwp%2Fv2%2Fmedia&parent=347"}],"wp:term":[{"taxonomy":"category","embeddable":true,"href":"http:\/\/www.kapap-czech.cz\/index.php?rest_route=%2Fwp%2Fv2%2Fcategories&post=347"},{"taxonomy":"post_tag","embeddable":true,"href":"http:\/\/www.kapap-czech.cz\/index.php?rest_route=%2Fwp%2Fv2%2Ftags&post=347"}],"curies":[{"name":"wp","href":"https:\/\/api.w.org\/{rel}","templated":true}]}}