{"id":378,"date":"2018-11-26T22:24:53","date_gmt":"2018-11-26T22:24:53","guid":{"rendered":"http:\/\/www.kapap-czech.cz\/?p=378"},"modified":"2018-11-26T22:24:53","modified_gmt":"2018-11-26T22:24:53","slug":"kurz-prvni-pomoci-kapap-czech-24-25112018","status":"publish","type":"post","link":"http:\/\/www.kapap-czech.cz\/?p=378","title":{"rendered":"KURZ PRVN\u00cd POMOCI KAPAP CZECH (24-25\/11\/2018)"},"content":{"rendered":"<figure id=\"attachment_377\" aria-describedby=\"caption-attachment-377\" style=\"width: 1637px\" class=\"wp-caption aligncenter\"><a href=\"http:\/\/www.kapap-czech.cz\/wp-content\/uploads\/2018\/11\/181125_zdravokurz_all.jpg\"><img loading=\"lazy\" class=\"size-full wp-image-377\" alt=\"Kurz Prvn\u00ed pomoci KAPAP CZECH na Dob\u0159\u00ed\u0161i (24-25\/11\/2018)\" src=\"http:\/\/www.kapap-czech.cz\/wp-content\/uploads\/2018\/11\/181125_zdravokurz_all.jpg\" width=\"1637\" height=\"927\" srcset=\"http:\/\/www.kapap-czech.cz\/wp-content\/uploads\/2018\/11\/181125_zdravokurz_all.jpg 1637w, http:\/\/www.kapap-czech.cz\/wp-content\/uploads\/2018\/11\/181125_zdravokurz_all-300x169.jpg 300w, http:\/\/www.kapap-czech.cz\/wp-content\/uploads\/2018\/11\/181125_zdravokurz_all-1024x579.jpg 1024w\" sizes=\"(max-width: 767px) 89vw, (max-width: 1000px) 54vw, (max-width: 1071px) 543px, 580px\" \/><\/a><figcaption id=\"caption-attachment-377\" class=\"wp-caption-text\">Kurz Prvn\u00ed pomoci KAPAP CZECH na Dob\u0159\u00ed\u0161i (24-25\/11\/2018)<\/figcaption><\/figure>\n<p>Posledn\u00ed listopadov\u00fd v\u00edkend prob\u011bhl tradi\u010dn\u00ed kurz prvn\u00ed pomoci KAPAP CZECH na t\u011blocvi\u010dn\u011b v Dob\u0159\u00ed\u0161i. Z\u00fa\u010dastnila se jej des\u00edtka \u00fa\u010dastn\u00edk\u016f z Brna, Hradce Kr\u00e1lov\u00e9, P\u00edsku, Prahy a P\u0159\u00edbrami.U\u017eili jsme si jak teorii, tak praxi. Neb\u00e1li jsme se ani zakrv\u00e1cen\u00e9ho sebevraha, ani ve\u010dern\u00ed autonehody ve tm\u011b \u010di v\u00edce jak 10 minut soustavn\u00e9 nep\u0159\u00edm\u00e9 srde\u010dn\u00ed mas\u00e1\u017ee do p\u0159\u00edjezdu rychl\u00e9 z\u00e1chrann\u00e9 slu\u017eby. Uk\u00e1zali jsme si mnoho vide\u00ed ohledn\u011b prvn\u00ed pomoci, pou\u017eit\u00ed defibril\u00e1toru, strategie prvn\u00ed pomoci a jej\u00edho spr\u00e1vn\u00e9ho poskytov\u00e1n\u00ed. D\u011bkujeme v\u0161em \u00fa\u010dastn\u00edk\u016fm a t\u011b\u0161\u00edme se na dal\u0161\u00ed akce tohoto typu u n\u00e1s.\u00a0(<a href=\"http:\/\/www.kapap-czech.cz\/?fbclid=IwAR2pEze61aIWHgvGjHJFCXLEoUYb6t_OsHG7wUMzqnANLABCuXJXG1F_PFI\" target=\"_blank\" rel=\"noopener nofollow\" data-ft=\"{&quot;tn&quot;:&quot;-U&quot;}\" data-lynx-mode=\"async\" data-lynx-uri=\"https:\/\/l.facebook.com\/l.php?u=http%3A%2F%2Fwww.kapap-czech.cz%2F%3Ffbclid%3DIwAR2pEze61aIWHgvGjHJFCXLEoUYb6t_OsHG7wUMzqnANLABCuXJXG1F_PFI&amp;h=AT1eovu0xXCS2SQS_Li10YGwdKrp5RU7-angkIGk1O1dIn7utiV8gChu0tq2WERt40aa1i_7eRfAndoFU29oVy9KayAuDH2EOJPN8wXx_LgyNLp1TGxKHVq4HyPh47Z2AEF5bfFbKw8mkq23fB6fXdo7tS9d3KEAh2P_s40LMFFd8JtP9qBQzXFG3jvbpZab43VfzmflKIOqPJ7Hfjrkv2rs0N7sAZWmVpYPX_znsh14ZzoDkZPnq93yt-txJi9_FpWFLyhOHzGgpc5QsPa5WvCU7ZwBD0dgaPNhRzaFtJ6biVaPLGGOOY5NDPuMje40H5MeHrmCj8oR90l4ohZx5xbJKEO_sSEWdQbYg5OiaBOwleFd0cvuHwC3y5kPjCc4k56WvYNWK6rPAM4x8ZIUhhaK8iKezAQpimGKF9HSTkeaXv_FYpTKorg0UVjBgSY0r_fuLBNXENopmfH7GjFY8FN6Bit4GNDT8B6OVeg9RzpJIbN4iuEjKnbBmZddKlArQLO6maAOYDgUG8qZuI5futzq2tVGRC_WvOvRSj9iJbDSCZAeVsnbeZX_FpshcxL-XDMu0KImuAO8-hcZLpKGVUl0hPbpYttt3wk-sJ0Iw5iWfEj8n7bkf2sZwNsGuPGVNAxVAmxrFF4FDiPvr3QCYCOwDElCwZwP8rDeiA-CPI0NaCWwTTJzVycZUOp6XFnPvX9jq3IILIodxIjd392DYTdgQ0YRZmAD5z4tGU-6cXVavfmmBZhd1cu263_Yw-qroxI3VKesl8ltbbp27nJUjIBEpixnr-Cmi9LIGw\">www.kapap-czech.cz<\/a>)<\/p>\n","protected":false},"excerpt":{"rendered":"<p>Posledn\u00ed listopadov\u00fd v\u00edkend prob\u011bhl tradi\u010dn\u00ed kurz prvn\u00ed pomoci KAPAP CZECH na t\u011blocvi\u010dn\u011b v Dob\u0159\u00ed\u0161i. Z\u00fa\u010dastnila se jej des\u00edtka \u00fa\u010dastn\u00edk\u016f z Brna, Hradce Kr\u00e1lov\u00e9, P\u00edsku, Prahy a P\u0159\u00edbrami.U\u017eili jsme si jak teorii, tak praxi. Neb\u00e1li jsme se ani zakrv\u00e1cen\u00e9ho sebevraha, ani ve\u010dern\u00ed autonehody ve tm\u011b \u010di v\u00edce jak 10 minut soustavn\u00e9 nep\u0159\u00edm\u00e9 srde\u010dn\u00ed mas\u00e1\u017ee do p\u0159\u00edjezdu &hellip; <\/p>\n<p class=\"link-more\"><a href=\"http:\/\/www.kapap-czech.cz\/?p=378\" class=\"more-link\">Pokra\u010dovat ve \u010dten\u00ed<span class=\"screen-reader-text\"> &#8222;KURZ PRVN\u00cd POMOCI KAPAP CZECH (24-25\/11\/2018)&#8220;<\/span><\/a><\/p>\n","protected":false},"author":1,"featured_media":0,"comment_status":"closed","ping_status":"closed","sticky":false,"template":"","format":"standard","meta":[],"categories":[1],"tags":[],"aioseo_notices":[],"_links":{"self":[{"href":"http:\/\/www.kapap-czech.cz\/index.php?rest_route=\/wp\/v2\/posts\/378"}],"collection":[{"href":"http:\/\/www.kapap-czech.cz\/index.php?rest_route=\/wp\/v2\/posts"}],"about":[{"href":"http:\/\/www.kapap-czech.cz\/index.php?rest_route=\/wp\/v2\/types\/post"}],"author":[{"embeddable":true,"href":"http:\/\/www.kapap-czech.cz\/index.php?rest_route=\/wp\/v2\/users\/1"}],"replies":[{"embeddable":true,"href":"http:\/\/www.kapap-czech.cz\/index.php?rest_route=%2Fwp%2Fv2%2Fcomments&post=378"}],"version-history":[{"count":1,"href":"http:\/\/www.kapap-czech.cz\/index.php?rest_route=\/wp\/v2\/posts\/378\/revisions"}],"predecessor-version":[{"id":379,"href":"http:\/\/www.kapap-czech.cz\/index.php?rest_route=\/wp\/v2\/posts\/378\/revisions\/379"}],"wp:attachment":[{"href":"http:\/\/www.kapap-czech.cz\/index.php?rest_route=%2Fwp%2Fv2%2Fmedia&parent=378"}],"wp:term":[{"taxonomy":"category","embeddable":true,"href":"http:\/\/www.kapap-czech.cz\/index.php?rest_route=%2Fwp%2Fv2%2Fcategories&post=378"},{"taxonomy":"post_tag","embeddable":true,"href":"http:\/\/www.kapap-czech.cz\/index.php?rest_route=%2Fwp%2Fv2%2Ftags&post=378"}],"curies":[{"name":"wp","href":"https:\/\/api.w.org\/{rel}","templated":true}]}}