{"id":4099,"date":"2025-01-07T00:30:05","date_gmt":"2025-01-06T23:30:05","guid":{"rendered":"http:\/\/www.kapap-czech.cz\/?p=4099"},"modified":"2025-01-07T00:31:02","modified_gmt":"2025-01-06T23:31:02","slug":"kapap-czech-nase-lokality-leden-2025","status":"publish","type":"post","link":"http:\/\/www.kapap-czech.cz\/?p=4099","title":{"rendered":"KAPAP CZECH &#8211; na\u0161e lokality (leden 2025)"},"content":{"rendered":"\n<p>KAPAP CZECH p\u0159edstavuje 29 sv\u00fdch lokalit po cel\u00e9 \u010cR. <\/p>\n\n\n\n<p>Aktu\u00e1ln\u011b otv\u00edr\u00e1me nov\u00e9 kurzy ve Strakonic\u00edch a \u010cesk\u00fdch Bud\u011bjovic\u00edch, \u010d\u00edm\u017e m\u00e1me v ji\u017en\u00edch \u010cech\u00e1ch celkem 5 lokalit, v\u010detn\u011b krajsk\u00e9ho m\u011bsta. <\/p>\n\n\n\n<p>D\u011bkujeme v\u0161em za podporu a t\u011b\u0161\u00ed n\u00e1s v\u00e1\u0161 z\u00e1jem. P\u0159idejte se k n\u00e1m v jak\u00e9koliv lokalit\u011b &#8211; lednov\u00e9 n\u00e1bory nab\u00edzej\u00ed jedine\u010dnou mo\u017enost pro p\u0159id\u00e1n\u00ed se ke cvi\u010den\u00ed ve v\u0161ech na\u0161ich lokalit\u00e1ch. T\u011b\u0161\u00edme se na v\u00e1s. KAPAP jede!!!<\/p>\n\n\n\n<figure class=\"wp-block-image size-large\"><a href=\"http:\/\/www.kapap-czech.cz\/wp-content\/uploads\/2025\/01\/2501_mapa_kapap_lokality.jpg\"><img loading=\"lazy\" width=\"1024\" height=\"576\" src=\"http:\/\/www.kapap-czech.cz\/wp-content\/uploads\/2025\/01\/2501_mapa_kapap_lokality-1024x576.jpg\" alt=\"KAPAP CZECH - na\u0161e lokality (leden 2025)\" class=\"wp-image-4098\" srcset=\"http:\/\/www.kapap-czech.cz\/wp-content\/uploads\/2025\/01\/2501_mapa_kapap_lokality-1024x576.jpg 1024w, http:\/\/www.kapap-czech.cz\/wp-content\/uploads\/2025\/01\/2501_mapa_kapap_lokality-300x169.jpg 300w, http:\/\/www.kapap-czech.cz\/wp-content\/uploads\/2025\/01\/2501_mapa_kapap_lokality-768x432.jpg 768w, http:\/\/www.kapap-czech.cz\/wp-content\/uploads\/2025\/01\/2501_mapa_kapap_lokality.jpg 1536w\" sizes=\"(max-width: 767px) 89vw, (max-width: 1000px) 54vw, (max-width: 1071px) 543px, 580px\" \/><\/a><figcaption>KAPAP CZECH &#8211; na\u0161e lokality (leden 2025)<\/figcaption><\/figure>\n","protected":false},"excerpt":{"rendered":"<p>KAPAP CZECH p\u0159edstavuje 29 sv\u00fdch lokalit po cel\u00e9 \u010cR. Aktu\u00e1ln\u011b otv\u00edr\u00e1me nov\u00e9 kurzy ve Strakonic\u00edch a \u010cesk\u00fdch Bud\u011bjovic\u00edch, \u010d\u00edm\u017e m\u00e1me v ji\u017en\u00edch \u010cech\u00e1ch celkem 5 lokalit, v\u010detn\u011b krajsk\u00e9ho m\u011bsta. D\u011bkujeme v\u0161em za podporu a t\u011b\u0161\u00ed n\u00e1s v\u00e1\u0161 z\u00e1jem. P\u0159idejte se k n\u00e1m v jak\u00e9koliv lokalit\u011b &#8211; lednov\u00e9 n\u00e1bory nab\u00edzej\u00ed jedine\u010dnou mo\u017enost pro p\u0159id\u00e1n\u00ed se ke &hellip; <\/p>\n<p class=\"link-more\"><a href=\"http:\/\/www.kapap-czech.cz\/?p=4099\" class=\"more-link\">Pokra\u010dovat ve \u010dten\u00ed<span class=\"screen-reader-text\"> &#8222;KAPAP CZECH &#8211; na\u0161e lokality (leden 2025)&#8220;<\/span><\/a><\/p>\n","protected":false},"author":1,"featured_media":0,"comment_status":"closed","ping_status":"closed","sticky":false,"template":"","format":"standard","meta":[],"categories":[1],"tags":[],"aioseo_notices":[],"_links":{"self":[{"href":"http:\/\/www.kapap-czech.cz\/index.php?rest_route=\/wp\/v2\/posts\/4099"}],"collection":[{"href":"http:\/\/www.kapap-czech.cz\/index.php?rest_route=\/wp\/v2\/posts"}],"about":[{"href":"http:\/\/www.kapap-czech.cz\/index.php?rest_route=\/wp\/v2\/types\/post"}],"author":[{"embeddable":true,"href":"http:\/\/www.kapap-czech.cz\/index.php?rest_route=\/wp\/v2\/users\/1"}],"replies":[{"embeddable":true,"href":"http:\/\/www.kapap-czech.cz\/index.php?rest_route=%2Fwp%2Fv2%2Fcomments&post=4099"}],"version-history":[{"count":1,"href":"http:\/\/www.kapap-czech.cz\/index.php?rest_route=\/wp\/v2\/posts\/4099\/revisions"}],"predecessor-version":[{"id":4100,"href":"http:\/\/www.kapap-czech.cz\/index.php?rest_route=\/wp\/v2\/posts\/4099\/revisions\/4100"}],"wp:attachment":[{"href":"http:\/\/www.kapap-czech.cz\/index.php?rest_route=%2Fwp%2Fv2%2Fmedia&parent=4099"}],"wp:term":[{"taxonomy":"category","embeddable":true,"href":"http:\/\/www.kapap-czech.cz\/index.php?rest_route=%2Fwp%2Fv2%2Fcategories&post=4099"},{"taxonomy":"post_tag","embeddable":true,"href":"http:\/\/www.kapap-czech.cz\/index.php?rest_route=%2Fwp%2Fv2%2Ftags&post=4099"}],"curies":[{"name":"wp","href":"https:\/\/api.w.org\/{rel}","templated":true}]}}