{"id":4116,"date":"2025-03-03T08:46:00","date_gmt":"2025-03-03T07:46:00","guid":{"rendered":"http:\/\/www.kapap-czech.cz\/?p=4116"},"modified":"2025-03-13T08:48:11","modified_gmt":"2025-03-13T07:48:11","slug":"kalendar-akci-kapap-pro-brezen-a-duben-2025","status":"publish","type":"post","link":"http:\/\/www.kapap-czech.cz\/?p=4116","title":{"rendered":"Kalend\u00e1\u0159 akc\u00ed KAPAP pro b\u0159ezen a duben 2025"},"content":{"rendered":"\n<p>P\u0159in\u00e1\u0161\u00edme kalend\u00e1\u0159 akc\u00ed KAPAP CZECH &amp; SLOVAKIA pro b\u0159ezen a duben 2025<\/p>\n\n\n\n<p>Na v\u0161echny akce se m\u016f\u017eete registrovat tradi\u010dn\u011b zde na webu: <a href=\"http:\/\/www.kapap-czech.cz\/?page_id=81\" target=\"_blank\" rel=\"noopener\">http:\/\/www.kapap-czech.cz\/?page_id=81<\/a><\/p>\n\n\n\n<figure class=\"wp-block-image size-full\"><a href=\"http:\/\/www.kapap-czech.cz\/wp-content\/uploads\/2025\/03\/25-03_kalendar-akci.jpg\"><img loading=\"lazy\" width=\"1002\" height=\"484\" src=\"http:\/\/www.kapap-czech.cz\/wp-content\/uploads\/2025\/03\/25-03_kalendar-akci.jpg\" alt=\"KALEND\u00c1\u0158 AKC\u00cd KAPAP CZECH (B\u0158EZEN 2025)\" class=\"wp-image-4114\" srcset=\"http:\/\/www.kapap-czech.cz\/wp-content\/uploads\/2025\/03\/25-03_kalendar-akci.jpg 1002w, http:\/\/www.kapap-czech.cz\/wp-content\/uploads\/2025\/03\/25-03_kalendar-akci-300x145.jpg 300w, http:\/\/www.kapap-czech.cz\/wp-content\/uploads\/2025\/03\/25-03_kalendar-akci-768x371.jpg 768w\" sizes=\"(max-width: 767px) 89vw, (max-width: 1000px) 54vw, (max-width: 1071px) 543px, 580px\" \/><\/a><figcaption>KALEND\u00c1\u0158 AKC\u00cd KAPAP CZECH (B\u0158EZEN 2025)<\/figcaption><\/figure>\n\n\n\n<figure class=\"wp-block-image size-full\"><a href=\"http:\/\/www.kapap-czech.cz\/wp-content\/uploads\/2025\/03\/25-04_kalendar-akci.jpg\"><img loading=\"lazy\" width=\"1002\" height=\"511\" src=\"http:\/\/www.kapap-czech.cz\/wp-content\/uploads\/2025\/03\/25-04_kalendar-akci.jpg\" alt=\"KALEND\u00c1\u0158 AKC\u00cd KAPAP CZECH (DUBEN 2025)\" class=\"wp-image-4115\" srcset=\"http:\/\/www.kapap-czech.cz\/wp-content\/uploads\/2025\/03\/25-04_kalendar-akci.jpg 1002w, http:\/\/www.kapap-czech.cz\/wp-content\/uploads\/2025\/03\/25-04_kalendar-akci-300x153.jpg 300w, http:\/\/www.kapap-czech.cz\/wp-content\/uploads\/2025\/03\/25-04_kalendar-akci-768x392.jpg 768w\" sizes=\"(max-width: 767px) 89vw, (max-width: 1000px) 54vw, (max-width: 1071px) 543px, 580px\" \/><\/a><figcaption>KALEND\u00c1\u0158 AKC\u00cd KAPAP CZECH (DUBEN 2025)<\/figcaption><\/figure>\n","protected":false},"excerpt":{"rendered":"<p>P\u0159in\u00e1\u0161\u00edme kalend\u00e1\u0159 akc\u00ed KAPAP CZECH &amp; SLOVAKIA pro b\u0159ezen a duben 2025 Na v\u0161echny akce se m\u016f\u017eete registrovat tradi\u010dn\u011b zde na webu: http:\/\/www.kapap-czech.cz\/?page_id=81<\/p>\n","protected":false},"author":1,"featured_media":0,"comment_status":"closed","ping_status":"closed","sticky":false,"template":"","format":"standard","meta":[],"categories":[1],"tags":[],"aioseo_notices":[],"_links":{"self":[{"href":"http:\/\/www.kapap-czech.cz\/index.php?rest_route=\/wp\/v2\/posts\/4116"}],"collection":[{"href":"http:\/\/www.kapap-czech.cz\/index.php?rest_route=\/wp\/v2\/posts"}],"about":[{"href":"http:\/\/www.kapap-czech.cz\/index.php?rest_route=\/wp\/v2\/types\/post"}],"author":[{"embeddable":true,"href":"http:\/\/www.kapap-czech.cz\/index.php?rest_route=\/wp\/v2\/users\/1"}],"replies":[{"embeddable":true,"href":"http:\/\/www.kapap-czech.cz\/index.php?rest_route=%2Fwp%2Fv2%2Fcomments&post=4116"}],"version-history":[{"count":2,"href":"http:\/\/www.kapap-czech.cz\/index.php?rest_route=\/wp\/v2\/posts\/4116\/revisions"}],"predecessor-version":[{"id":4119,"href":"http:\/\/www.kapap-czech.cz\/index.php?rest_route=\/wp\/v2\/posts\/4116\/revisions\/4119"}],"wp:attachment":[{"href":"http:\/\/www.kapap-czech.cz\/index.php?rest_route=%2Fwp%2Fv2%2Fmedia&parent=4116"}],"wp:term":[{"taxonomy":"category","embeddable":true,"href":"http:\/\/www.kapap-czech.cz\/index.php?rest_route=%2Fwp%2Fv2%2Fcategories&post=4116"},{"taxonomy":"post_tag","embeddable":true,"href":"http:\/\/www.kapap-czech.cz\/index.php?rest_route=%2Fwp%2Fv2%2Ftags&post=4116"}],"curies":[{"name":"wp","href":"https:\/\/api.w.org\/{rel}","templated":true}]}}