{"id":4162,"date":"2025-06-24T08:53:53","date_gmt":"2025-06-24T07:53:53","guid":{"rendered":"http:\/\/www.kapap-czech.cz\/?p=4162"},"modified":"2025-06-24T08:53:55","modified_gmt":"2025-06-24T07:53:55","slug":"letni-treninky-kapap-2025","status":"publish","type":"post","link":"http:\/\/www.kapap-czech.cz\/?p=4162","title":{"rendered":"Letn\u00ed tr\u00e9ninky KAPAP 2025"},"content":{"rendered":"\n<p>Zde je infolet\u00e1k k pravideln\u00fdm letn\u00edm tr\u00e9nink\u016fm KAPAP CZECH 2025.<\/p>\n\n\n\n<p>Registrace na jednotliv\u00e9 letn\u00ed tr\u00e9ninky na webu: <a href=\"https:\/\/l.facebook.com\/l.php?u=http%3A%2F%2Fwww.kapap-czech.cz%2F%3Fpage_id%3D81%26fbclid%3DIwZXh0bgNhZW0CMTAAYnJpZBEwR3ZyQ0FhNnUyQTg4R1dPdAEevgSXKobr9rU37pCYKQMvD6vIensbXYf6laMO0YFiQPzui0eh3h3ngX9IrXE_aem_QPvEMt5Pe-m0SRxN6_nlww&amp;h=AT27dELhjWuR0i_HCi34XlVgcyZAqFKcyJ3vYaWUbOCyr_9zhzTmDMNqNgLCzrnrwa2F9lO0AMCONvssuiX-vpjJvgKVOhXcirz-noq0pU0ScbqMEN7Lv_rqN1kctglifZrMu7LAzSLw47P-&amp;__tn__=-UK-R&amp;c[0]=AT24s_RIh0lQgtbZc-4Vc2xeZH6cYN8ZEfHa_TDU3dMPti2Sx0Xlx9f0DlpdklNgGPwUlisfX6LuBS-wKeXrGscR6jn-OWfRRwWjVXI0J0_BnSMrIg8A4as0bxrzFygDhvC2obaYRVFFxulhYS-lQb2QhqjNKYKWyDYzFsXB9B4ivud_7y9s0_WyOc_U5Gqa69RTfA\" rel=\"noreferrer noopener\" target=\"_blank\">http:\/\/www.kapap-czech.cz\/?page_id=81<\/a><\/p>\n\n\n\n<p>T\u011b\u0161\u00edm se na setk\u00e1n\u00ed na letn\u00edch tr\u00e9ninc\u00edch.<\/p>\n\n\n\n<figure class=\"wp-block-image size-full\"><a href=\"http:\/\/www.kapap-czech.cz\/wp-content\/uploads\/2025\/06\/letak-letni-provoz.jpg\"><img loading=\"lazy\" width=\"724\" height=\"1018\" src=\"http:\/\/www.kapap-czech.cz\/wp-content\/uploads\/2025\/06\/letak-letni-provoz.jpg\" alt=\"Letn\u00ed tr\u00e9ninky KAPAP 2025\" class=\"wp-image-4158\" srcset=\"http:\/\/www.kapap-czech.cz\/wp-content\/uploads\/2025\/06\/letak-letni-provoz.jpg 724w, http:\/\/www.kapap-czech.cz\/wp-content\/uploads\/2025\/06\/letak-letni-provoz-213x300.jpg 213w\" sizes=\"(max-width: 724px) 100vw, 724px\" \/><\/a><figcaption>Letn\u00ed tr\u00e9ninky KAPAP 2025<\/figcaption><\/figure>\n","protected":false},"excerpt":{"rendered":"<p>Zde je infolet\u00e1k k pravideln\u00fdm letn\u00edm tr\u00e9nink\u016fm KAPAP CZECH 2025. Registrace na jednotliv\u00e9 letn\u00ed tr\u00e9ninky na webu: http:\/\/www.kapap-czech.cz\/?page_id=81 T\u011b\u0161\u00edm se na setk\u00e1n\u00ed na letn\u00edch tr\u00e9ninc\u00edch.<\/p>\n","protected":false},"author":1,"featured_media":0,"comment_status":"closed","ping_status":"closed","sticky":false,"template":"","format":"standard","meta":[],"categories":[1],"tags":[],"aioseo_notices":[],"_links":{"self":[{"href":"http:\/\/www.kapap-czech.cz\/index.php?rest_route=\/wp\/v2\/posts\/4162"}],"collection":[{"href":"http:\/\/www.kapap-czech.cz\/index.php?rest_route=\/wp\/v2\/posts"}],"about":[{"href":"http:\/\/www.kapap-czech.cz\/index.php?rest_route=\/wp\/v2\/types\/post"}],"author":[{"embeddable":true,"href":"http:\/\/www.kapap-czech.cz\/index.php?rest_route=\/wp\/v2\/users\/1"}],"replies":[{"embeddable":true,"href":"http:\/\/www.kapap-czech.cz\/index.php?rest_route=%2Fwp%2Fv2%2Fcomments&post=4162"}],"version-history":[{"count":1,"href":"http:\/\/www.kapap-czech.cz\/index.php?rest_route=\/wp\/v2\/posts\/4162\/revisions"}],"predecessor-version":[{"id":4163,"href":"http:\/\/www.kapap-czech.cz\/index.php?rest_route=\/wp\/v2\/posts\/4162\/revisions\/4163"}],"wp:attachment":[{"href":"http:\/\/www.kapap-czech.cz\/index.php?rest_route=%2Fwp%2Fv2%2Fmedia&parent=4162"}],"wp:term":[{"taxonomy":"category","embeddable":true,"href":"http:\/\/www.kapap-czech.cz\/index.php?rest_route=%2Fwp%2Fv2%2Fcategories&post=4162"},{"taxonomy":"post_tag","embeddable":true,"href":"http:\/\/www.kapap-czech.cz\/index.php?rest_route=%2Fwp%2Fv2%2Ftags&post=4162"}],"curies":[{"name":"wp","href":"https:\/\/api.w.org\/{rel}","templated":true}]}}