{"id":4168,"date":"2025-07-03T23:49:30","date_gmt":"2025-07-03T22:49:30","guid":{"rendered":"http:\/\/www.kapap-czech.cz\/?p=4168"},"modified":"2025-07-03T23:49:47","modified_gmt":"2025-07-03T22:49:47","slug":"letni-sleva-na-clenstvi-2025-26","status":"publish","type":"post","link":"http:\/\/www.kapap-czech.cz\/?p=4168","title":{"rendered":"Letn\u00ed sleva na \u010dlenstv\u00ed 2025\/26"},"content":{"rendered":"\n<p>P\u0159in\u00e1\u0161\u00edme jedine\u010dnou letn\u00ed akci. Od 1.7. do 30.8.2025. <\/p>\n\n\n\n<p>Novinkou je, \u017ee m\u016f\u017eete zaplatit jak polololetn\u00ed, tak i celoro\u010dn\u00ed \u010dlenstv\u00ed na cel\u00fd \u0161koln\u00ed rok 2025\/26. <\/p>\n\n\n\n<p>V z\u00e1\u0159\u00ed z\u016fstaneme na \u010d\u00e1stk\u00e1ch 3750k\u010d\/pololet\u00ed dosp\u011bl\u00ed, 2500k\u010d\/pol. junio\u0159i, teenage\u0159i cvi\u010d\u00edc\u00ed s dosp\u011bl\u00e1ky a ADVANCE a 2000k\u010d\/pol. u d\u011btsk\u00fdch tr\u00e9nink\u016f KAPAP KIDS.<\/p>\n\n\n\n<figure class=\"wp-block-image size-full\"><a href=\"http:\/\/www.kapap-czech.cz\/wp-content\/uploads\/2025\/07\/250701_CLENSTVI-KAPAP-CZECH.jpg\"><img loading=\"lazy\" width=\"762\" height=\"902\" src=\"http:\/\/www.kapap-czech.cz\/wp-content\/uploads\/2025\/07\/250701_CLENSTVI-KAPAP-CZECH.jpg\" alt=\"Letn\u00ed slevy \u010dlenstv\u00ed KAPAP CZECH 2025\" class=\"wp-image-4165\" srcset=\"http:\/\/www.kapap-czech.cz\/wp-content\/uploads\/2025\/07\/250701_CLENSTVI-KAPAP-CZECH.jpg 762w, http:\/\/www.kapap-czech.cz\/wp-content\/uploads\/2025\/07\/250701_CLENSTVI-KAPAP-CZECH-253x300.jpg 253w\" sizes=\"(max-width: 706px) 89vw, (max-width: 767px) 82vw, 740px\" \/><\/a><figcaption>Letn\u00ed slevy \u010dlenstv\u00ed KAPAP CZECH 2025<\/figcaption><\/figure>\n","protected":false},"excerpt":{"rendered":"<p>P\u0159in\u00e1\u0161\u00edme jedine\u010dnou letn\u00ed akci. Od 1.7. do 30.8.2025. Novinkou je, \u017ee m\u016f\u017eete zaplatit jak polololetn\u00ed, tak i celoro\u010dn\u00ed \u010dlenstv\u00ed na cel\u00fd \u0161koln\u00ed rok 2025\/26. V z\u00e1\u0159\u00ed z\u016fstaneme na \u010d\u00e1stk\u00e1ch 3750k\u010d\/pololet\u00ed dosp\u011bl\u00ed, 2500k\u010d\/pol. junio\u0159i, teenage\u0159i cvi\u010d\u00edc\u00ed s dosp\u011bl\u00e1ky a ADVANCE a 2000k\u010d\/pol. u d\u011btsk\u00fdch tr\u00e9nink\u016f KAPAP KIDS.<\/p>\n","protected":false},"author":1,"featured_media":0,"comment_status":"closed","ping_status":"closed","sticky":false,"template":"","format":"standard","meta":[],"categories":[1],"tags":[],"aioseo_notices":[],"_links":{"self":[{"href":"http:\/\/www.kapap-czech.cz\/index.php?rest_route=\/wp\/v2\/posts\/4168"}],"collection":[{"href":"http:\/\/www.kapap-czech.cz\/index.php?rest_route=\/wp\/v2\/posts"}],"about":[{"href":"http:\/\/www.kapap-czech.cz\/index.php?rest_route=\/wp\/v2\/types\/post"}],"author":[{"embeddable":true,"href":"http:\/\/www.kapap-czech.cz\/index.php?rest_route=\/wp\/v2\/users\/1"}],"replies":[{"embeddable":true,"href":"http:\/\/www.kapap-czech.cz\/index.php?rest_route=%2Fwp%2Fv2%2Fcomments&post=4168"}],"version-history":[{"count":2,"href":"http:\/\/www.kapap-czech.cz\/index.php?rest_route=\/wp\/v2\/posts\/4168\/revisions"}],"predecessor-version":[{"id":4171,"href":"http:\/\/www.kapap-czech.cz\/index.php?rest_route=\/wp\/v2\/posts\/4168\/revisions\/4171"}],"wp:attachment":[{"href":"http:\/\/www.kapap-czech.cz\/index.php?rest_route=%2Fwp%2Fv2%2Fmedia&parent=4168"}],"wp:term":[{"taxonomy":"category","embeddable":true,"href":"http:\/\/www.kapap-czech.cz\/index.php?rest_route=%2Fwp%2Fv2%2Fcategories&post=4168"},{"taxonomy":"post_tag","embeddable":true,"href":"http:\/\/www.kapap-czech.cz\/index.php?rest_route=%2Fwp%2Fv2%2Ftags&post=4168"}],"curies":[{"name":"wp","href":"https:\/\/api.w.org\/{rel}","templated":true}]}}