{"id":4225,"date":"2025-08-25T12:58:00","date_gmt":"2025-08-25T11:58:00","guid":{"rendered":"http:\/\/www.kapap-czech.cz\/?p=4225"},"modified":"2025-08-28T13:37:48","modified_gmt":"2025-08-28T12:37:48","slug":"nabory-kapap-czech-kapap-kids-2025","status":"publish","type":"post","link":"http:\/\/www.kapap-czech.cz\/?p=4225","title":{"rendered":"N\u00c1BORY KAPAP CZECH &#038; KAPAP KIDS 2025"},"content":{"rendered":"\n<p>Pr\u00e1zdniny kon\u010d\u00ed, nov\u00fd \u0161koln\u00ed rok se nezadr\u017eiteln\u011b bl\u00ed\u017e\u00ed a s n\u00edm se bl\u00ed\u017e\u00ed i nov\u00fd v\u00fdcvikov\u00fd rok KAPAP CZECH. A z\u00e1\u0159\u00ed &#8211; to jsou u n\u00e1s n\u00e1bory nov\u00e1\u010dk\u016f do lokalit. Tak\u017ee na koho se m\u016f\u017eeme t\u011b\u0161it na na\u0161ich n\u00e1borech? <\/p>\n\n\n\n<p>Jinak KAPAP CZECH p\u0159edstavuje v sou\u010dasnosti nejv\u011bt\u0161\u00ed s\u00ed\u0165 \u0161kol izraelsk\u00e9 sebeobrany v \u010cR. Cvi\u010d\u00edme v 32 m\u011bstech \u010cR a pracujeme na otev\u0159en\u00ed pobo\u010dek i na Slovensku (brzy se do\u010dk\u00e1te). U n\u00e1s se budete u\u010dit stejn\u00e9 dovednosti a zku\u0161enosti v Mari\u00e1nsk\u00fdch L\u00e1zn\u00edch, Jihlav\u011b, Pardubic\u00edch i Ostrav\u011b. <\/p>\n\n\n\n<p>KAPAP je jen jeden &#8211; vysoce funk\u010dn\u00ed a efektivn\u00ed sebeobrana pro ka\u017ed\u00e9ho. U\u010d\u00edme opravdu ka\u017ed\u00e9ho &#8211; mu\u017ee, \u017eeny, d\u00edvky i chlapce, bez ohledu na rasu, pohlav\u00ed \u010di kondici. Nau\u010dte se v dob\u011b zhor\u0161uj\u00edc\u00ed se bezpe\u010dnostn\u00ed situace, jak se efektivn\u011b br\u00e1nit napaden\u00ed a n\u00e1sil\u00ed. KAPAP jede!!! &#8230;..a je tu pro v\u00e1s. T\u011b\u0161\u00edme se na setk\u00e1n\u00ed. Sta\u010d\u00ed dorazit na nejbli\u017e\u0161\u00ed tr\u00e9nink ve va\u0161em regionu.<\/p>\n\n\n\n<p>N\u00e1bory do pravideln\u00fdch tr\u00e9nink\u016f KAPAP &#8211; BASIC (dosp\u011bl\u00ed + ml\u00e1de\u017e, 14-99 let): <\/p>\n\n\n\n<figure class=\"wp-block-image size-full\"><a href=\"http:\/\/www.kapap-czech.cz\/wp-content\/uploads\/2025\/08\/2509_soupis_nabory_basic.jpg\"><img loading=\"lazy\" width=\"714\" height=\"1015\" src=\"http:\/\/www.kapap-czech.cz\/wp-content\/uploads\/2025\/08\/2509_soupis_nabory_basic.jpg\" alt=\"N\u00c1BORY KAPAP CZECH 2025\" class=\"wp-image-4222\" srcset=\"http:\/\/www.kapap-czech.cz\/wp-content\/uploads\/2025\/08\/2509_soupis_nabory_basic.jpg 714w, http:\/\/www.kapap-czech.cz\/wp-content\/uploads\/2025\/08\/2509_soupis_nabory_basic-211x300.jpg 211w\" sizes=\"(max-width: 714px) 100vw, 714px\" \/><\/a><figcaption>N\u00c1BORY KAPAP CZECH 2025<\/figcaption><\/figure>\n\n\n\n<p>A zde je je\u0161t\u011b p\u0159ehledn\u00fd seznam n\u00e1bor\u016f d\u011btsk\u00fdch lokalit KAPAP KIDS, kter\u00fdch m\u00e1me celkem 15 a neust\u00e1le se sna\u017e\u00edme roz\u0161i\u0159ovat d\u011btsk\u00e9 tr\u00e9ninky (toto z\u00e1\u0159\u00ed t\u0159eba o Strakonice \u010di Hradec Kr\u00e1lov\u00e9): <\/p>\n\n\n\n<figure class=\"wp-block-image size-full\"><a href=\"http:\/\/www.kapap-czech.cz\/wp-content\/uploads\/2025\/08\/2509_soupis_nabory_kids.jpg\"><img loading=\"lazy\" width=\"736\" height=\"1021\" src=\"http:\/\/www.kapap-czech.cz\/wp-content\/uploads\/2025\/08\/2509_soupis_nabory_kids.jpg\" alt=\"N\u00c1BORY KAPAP KIDS 2025\" class=\"wp-image-4223\" srcset=\"http:\/\/www.kapap-czech.cz\/wp-content\/uploads\/2025\/08\/2509_soupis_nabory_kids.jpg 736w, http:\/\/www.kapap-czech.cz\/wp-content\/uploads\/2025\/08\/2509_soupis_nabory_kids-216x300.jpg 216w\" sizes=\"(max-width: 736px) 100vw, 736px\" \/><\/a><figcaption>N\u00c1BORY KAPAP KIDS 2025<\/figcaption><\/figure>\n","protected":false},"excerpt":{"rendered":"<p>Pr\u00e1zdniny kon\u010d\u00ed, nov\u00fd \u0161koln\u00ed rok se nezadr\u017eiteln\u011b bl\u00ed\u017e\u00ed a s n\u00edm se bl\u00ed\u017e\u00ed i nov\u00fd v\u00fdcvikov\u00fd rok KAPAP CZECH. A z\u00e1\u0159\u00ed &#8211; to jsou u n\u00e1s n\u00e1bory nov\u00e1\u010dk\u016f do lokalit. Tak\u017ee na koho se m\u016f\u017eeme t\u011b\u0161it na na\u0161ich n\u00e1borech? Jinak KAPAP CZECH p\u0159edstavuje v sou\u010dasnosti nejv\u011bt\u0161\u00ed s\u00ed\u0165 \u0161kol izraelsk\u00e9 sebeobrany v \u010cR. Cvi\u010d\u00edme v 32 &hellip; <\/p>\n<p class=\"link-more\"><a href=\"http:\/\/www.kapap-czech.cz\/?p=4225\" class=\"more-link\">Pokra\u010dovat ve \u010dten\u00ed<span class=\"screen-reader-text\"> &#8222;N\u00c1BORY KAPAP CZECH &#038; KAPAP KIDS 2025&#8220;<\/span><\/a><\/p>\n","protected":false},"author":1,"featured_media":0,"comment_status":"closed","ping_status":"closed","sticky":false,"template":"","format":"standard","meta":[],"categories":[1],"tags":[],"aioseo_notices":[],"_links":{"self":[{"href":"http:\/\/www.kapap-czech.cz\/index.php?rest_route=\/wp\/v2\/posts\/4225"}],"collection":[{"href":"http:\/\/www.kapap-czech.cz\/index.php?rest_route=\/wp\/v2\/posts"}],"about":[{"href":"http:\/\/www.kapap-czech.cz\/index.php?rest_route=\/wp\/v2\/types\/post"}],"author":[{"embeddable":true,"href":"http:\/\/www.kapap-czech.cz\/index.php?rest_route=\/wp\/v2\/users\/1"}],"replies":[{"embeddable":true,"href":"http:\/\/www.kapap-czech.cz\/index.php?rest_route=%2Fwp%2Fv2%2Fcomments&post=4225"}],"version-history":[{"count":1,"href":"http:\/\/www.kapap-czech.cz\/index.php?rest_route=\/wp\/v2\/posts\/4225\/revisions"}],"predecessor-version":[{"id":4226,"href":"http:\/\/www.kapap-czech.cz\/index.php?rest_route=\/wp\/v2\/posts\/4225\/revisions\/4226"}],"wp:attachment":[{"href":"http:\/\/www.kapap-czech.cz\/index.php?rest_route=%2Fwp%2Fv2%2Fmedia&parent=4225"}],"wp:term":[{"taxonomy":"category","embeddable":true,"href":"http:\/\/www.kapap-czech.cz\/index.php?rest_route=%2Fwp%2Fv2%2Fcategories&post=4225"},{"taxonomy":"post_tag","embeddable":true,"href":"http:\/\/www.kapap-czech.cz\/index.php?rest_route=%2Fwp%2Fv2%2Ftags&post=4225"}],"curies":[{"name":"wp","href":"https:\/\/api.w.org\/{rel}","templated":true}]}}