{"id":4236,"date":"2025-08-20T13:28:00","date_gmt":"2025-08-20T12:28:00","guid":{"rendered":"http:\/\/www.kapap-czech.cz\/?p=4236"},"modified":"2025-08-28T13:28:50","modified_gmt":"2025-08-28T12:28:50","slug":"nabory-kapap-kids-2025-plakaty","status":"publish","type":"post","link":"http:\/\/www.kapap-czech.cz\/?p=4236","title":{"rendered":"N\u00e1bory KAPAP KIDS 2025 &#8211; plak\u00e1ty"},"content":{"rendered":"\n<p>N\u00e1bory se se za\u010d\u00e1tkem z\u00e1\u0159\u00ed bl\u00ed\u017e\u00ed. A my zde prezentujeme na\u0161e n\u00e1borov\u00e9 plak\u00e1ty d\u011btsk\u00e9 sebeobrany ve v\u0161ech na\u0161ich 15 lokalit\u00e1ch, kde cvi\u010d\u00edme. <\/p>\n\n\n\n<p>Beroun, Brno, Byst\u0159ice nad Pern\u0161tejnem, Dob\u0159\u00ed\u0161, Ho\u0159ovice, Hradec Kr\u00e1lov\u00e9, Jihlava, Kutn\u00e1 Hora, Louny, P\u00edsek, P\u0159\u00edbram, Sedl\u010dany, Slan\u00fd, Strakonice a \u017dd\u00e1r nad S\u00e1zavou. <\/p>\n\n\n\n<figure class=\"wp-container-2 wp-block-gallery-1 wp-block-gallery has-nested-images columns-default is-cropped\">\n<figure class=\"wp-block-image size-large\"><a href=\"http:\/\/www.kapap-czech.cz\/wp-content\/uploads\/2025\/08\/plakaty-a3-25-deti-v3.jpg\"><img loading=\"lazy\" width=\"1071\" height=\"1500\" data-id=\"4229\"  src=\"http:\/\/www.kapap-czech.cz\/wp-content\/uploads\/2025\/08\/plakaty-a3-25-deti-v3.jpg\" alt=\"N\u00c1BOR KAPAP KIDS - Brno, Jihlava, \u017dd\u00e1r, Hradec, Byst\u0159ice\" class=\"wp-image-4229\" srcset=\"http:\/\/www.kapap-czech.cz\/wp-content\/uploads\/2025\/08\/plakaty-a3-25-deti-v3.jpg 1071w, http:\/\/www.kapap-czech.cz\/wp-content\/uploads\/2025\/08\/plakaty-a3-25-deti-v3-214x300.jpg 214w, http:\/\/www.kapap-czech.cz\/wp-content\/uploads\/2025\/08\/plakaty-a3-25-deti-v3-731x1024.jpg 731w, http:\/\/www.kapap-czech.cz\/wp-content\/uploads\/2025\/08\/plakaty-a3-25-deti-v3-768x1076.jpg 768w\" sizes=\"(max-width: 767px) 89vw, (max-width: 1000px) 54vw, (max-width: 1071px) 543px, 580px\" \/><\/a><figcaption>N\u00c1BOR KAPAP KIDS &#8211; Brno, Jihlava, \u017dd\u00e1r, Hradec, Byst\u0159ice<\/figcaption><\/figure>\n\n\n\n<figure class=\"wp-block-image size-large\"><a href=\"http:\/\/www.kapap-czech.cz\/wp-content\/uploads\/2025\/08\/plakaty-a3-25-deti-v2.jpg\"><img loading=\"lazy\" width=\"1071\" height=\"1500\" data-id=\"4228\"  src=\"http:\/\/www.kapap-czech.cz\/wp-content\/uploads\/2025\/08\/plakaty-a3-25-deti-v2.jpg\" alt=\"N\u00c1BOR KAPAP KIDS - P\u00edsek, Dob\u0159\u00ed\u0161, Strakonice, P\u0159\u00edbram, Sedl\u010dany\" class=\"wp-image-4228\" srcset=\"http:\/\/www.kapap-czech.cz\/wp-content\/uploads\/2025\/08\/plakaty-a3-25-deti-v2.jpg 1071w, http:\/\/www.kapap-czech.cz\/wp-content\/uploads\/2025\/08\/plakaty-a3-25-deti-v2-214x300.jpg 214w, http:\/\/www.kapap-czech.cz\/wp-content\/uploads\/2025\/08\/plakaty-a3-25-deti-v2-731x1024.jpg 731w, http:\/\/www.kapap-czech.cz\/wp-content\/uploads\/2025\/08\/plakaty-a3-25-deti-v2-768x1076.jpg 768w\" sizes=\"(max-width: 767px) 89vw, (max-width: 1000px) 54vw, (max-width: 1071px) 543px, 580px\" \/><\/a><figcaption>N\u00c1BOR KAPAP KIDS &#8211; P\u00edsek, Dob\u0159\u00ed\u0161, Strakonice, P\u0159\u00edbram, Sedl\u010dany<\/figcaption><\/figure>\n\n\n\n<figure class=\"wp-block-image size-large\"><a href=\"http:\/\/www.kapap-czech.cz\/wp-content\/uploads\/2025\/08\/plakaty-a3-25-deti-v1.jpg\"><img loading=\"lazy\" width=\"1071\" height=\"1500\" data-id=\"4227\"  src=\"http:\/\/www.kapap-czech.cz\/wp-content\/uploads\/2025\/08\/plakaty-a3-25-deti-v1.jpg\" alt=\"N\u00c1BOR KAPAP KIDS - Kutn\u00e1 Hora, Louny, Ho\u0159ovice, Beroun, Slan\u00fd\" class=\"wp-image-4227\" srcset=\"http:\/\/www.kapap-czech.cz\/wp-content\/uploads\/2025\/08\/plakaty-a3-25-deti-v1.jpg 1071w, http:\/\/www.kapap-czech.cz\/wp-content\/uploads\/2025\/08\/plakaty-a3-25-deti-v1-214x300.jpg 214w, http:\/\/www.kapap-czech.cz\/wp-content\/uploads\/2025\/08\/plakaty-a3-25-deti-v1-731x1024.jpg 731w, http:\/\/www.kapap-czech.cz\/wp-content\/uploads\/2025\/08\/plakaty-a3-25-deti-v1-768x1076.jpg 768w\" sizes=\"(max-width: 767px) 89vw, (max-width: 1000px) 54vw, (max-width: 1071px) 543px, 580px\" \/><\/a><figcaption>N\u00c1BOR KAPAP KIDS &#8211; Kutn\u00e1 Hora, Louny, Ho\u0159ovice, Beroun, Slan\u00fd<\/figcaption><\/figure>\n<\/figure>\n","protected":false},"excerpt":{"rendered":"<p>N\u00e1bory se se za\u010d\u00e1tkem z\u00e1\u0159\u00ed bl\u00ed\u017e\u00ed. A my zde prezentujeme na\u0161e n\u00e1borov\u00e9 plak\u00e1ty d\u011btsk\u00e9 sebeobrany ve v\u0161ech na\u0161ich 15 lokalit\u00e1ch, kde cvi\u010d\u00edme. Beroun, Brno, Byst\u0159ice nad Pern\u0161tejnem, Dob\u0159\u00ed\u0161, Ho\u0159ovice, Hradec Kr\u00e1lov\u00e9, Jihlava, Kutn\u00e1 Hora, Louny, P\u00edsek, P\u0159\u00edbram, Sedl\u010dany, Slan\u00fd, Strakonice a \u017dd\u00e1r nad S\u00e1zavou.<\/p>\n","protected":false},"author":1,"featured_media":0,"comment_status":"closed","ping_status":"closed","sticky":false,"template":"","format":"standard","meta":[],"categories":[1],"tags":[],"aioseo_notices":[],"_links":{"self":[{"href":"http:\/\/www.kapap-czech.cz\/index.php?rest_route=\/wp\/v2\/posts\/4236"}],"collection":[{"href":"http:\/\/www.kapap-czech.cz\/index.php?rest_route=\/wp\/v2\/posts"}],"about":[{"href":"http:\/\/www.kapap-czech.cz\/index.php?rest_route=\/wp\/v2\/types\/post"}],"author":[{"embeddable":true,"href":"http:\/\/www.kapap-czech.cz\/index.php?rest_route=\/wp\/v2\/users\/1"}],"replies":[{"embeddable":true,"href":"http:\/\/www.kapap-czech.cz\/index.php?rest_route=%2Fwp%2Fv2%2Fcomments&post=4236"}],"version-history":[{"count":1,"href":"http:\/\/www.kapap-czech.cz\/index.php?rest_route=\/wp\/v2\/posts\/4236\/revisions"}],"predecessor-version":[{"id":4237,"href":"http:\/\/www.kapap-czech.cz\/index.php?rest_route=\/wp\/v2\/posts\/4236\/revisions\/4237"}],"wp:attachment":[{"href":"http:\/\/www.kapap-czech.cz\/index.php?rest_route=%2Fwp%2Fv2%2Fmedia&parent=4236"}],"wp:term":[{"taxonomy":"category","embeddable":true,"href":"http:\/\/www.kapap-czech.cz\/index.php?rest_route=%2Fwp%2Fv2%2Fcategories&post=4236"},{"taxonomy":"post_tag","embeddable":true,"href":"http:\/\/www.kapap-czech.cz\/index.php?rest_route=%2Fwp%2Fv2%2Ftags&post=4236"}],"curies":[{"name":"wp","href":"https:\/\/api.w.org\/{rel}","templated":true}]}}