{"id":4239,"date":"2025-08-23T13:33:00","date_gmt":"2025-08-23T12:33:00","guid":{"rendered":"http:\/\/www.kapap-czech.cz\/?p=4239"},"modified":"2025-08-28T13:36:17","modified_gmt":"2025-08-28T12:36:17","slug":"nabory-kapap-czech-2025-plakaty","status":"publish","type":"post","link":"http:\/\/www.kapap-czech.cz\/?p=4239","title":{"rendered":"N\u00e1bory KAPAP CZECH 2025 &#8211; plak\u00e1ty"},"content":{"rendered":"\n<p>Od 2.9. do 2.10.2025 prob\u011bhnou n\u00e1bory dosp\u011bl\u00e1ck\u00e9 sebeobrany v celkem 31 lokalit\u00e1ch KAPAP CZECH. Od Mari\u00e1nsk\u00fdch L\u00e1zn\u00ed po Ostravu a od Jablonec nad Nisou po Jemnici. <\/p>\n\n\n\n<p>KAPAP jede a my jedeme s n\u00edm. P\u0159idejte se ke smyslupln\u00e9 a vysoce funk\u010dn\u00ed sebeobran\u011b izraelsk\u00e9ho konceptu KRAV MAGA &amp; KAPAP. M\u00e1 to smysl b\u00fdt p\u0159ipraven a nikdo to nepou\u017e\u00edt. Lep\u0161\u00ed ne\u017e neb\u00fdt ready a pot\u0159ebovat to. <\/p>\n\n\n\n<p>Tak\u017ee zde jsou v\u0161echny plak\u00e1tky, kter\u00e9 m\u016f\u017eete potkat kdekoliv po \u010cR: <\/p>\n\n\n\n<figure class=\"wp-container-2 wp-block-gallery-1 wp-block-gallery has-nested-images columns-default is-cropped\">\n<figure class=\"wp-block-image size-large\"><a href=\"http:\/\/www.kapap-czech.cz\/wp-content\/uploads\/2025\/08\/plakaty-a3-25-dospeli-v6.jpg\"><img loading=\"lazy\" width=\"714\" height=\"1000\" data-id=\"4235\"  src=\"http:\/\/www.kapap-czech.cz\/wp-content\/uploads\/2025\/08\/plakaty-a3-25-dospeli-v6.jpg\" alt=\"N\u00c1BOR KAPAP CZECH - Jind\u0159ich\u00e1\u010d, Jihlava, \u017d\u010f\u00e1r, Jemnice, Byst\u0159ice\" class=\"wp-image-4235\" srcset=\"http:\/\/www.kapap-czech.cz\/wp-content\/uploads\/2025\/08\/plakaty-a3-25-dospeli-v6.jpg 714w, http:\/\/www.kapap-czech.cz\/wp-content\/uploads\/2025\/08\/plakaty-a3-25-dospeli-v6-214x300.jpg 214w\" sizes=\"(max-width: 714px) 100vw, 714px\" \/><\/a><figcaption>N\u00c1BOR KAPAP CZECH &#8211; Jind\u0159ich\u00e1\u010d, Jihlava, \u017d\u010f\u00e1r, Jemnice, Byst\u0159ice<\/figcaption><\/figure>\n\n\n\n<figure class=\"wp-block-image size-large\"><a href=\"http:\/\/www.kapap-czech.cz\/wp-content\/uploads\/2025\/08\/plakaty-a3-25-dospeli-v5.jpg\"><img loading=\"lazy\" width=\"1071\" height=\"1500\" data-id=\"4234\"  src=\"http:\/\/www.kapap-czech.cz\/wp-content\/uploads\/2025\/08\/plakaty-a3-25-dospeli-v5.jpg\" alt=\"N\u00c1BOR KAPAP CZECH - Ho\u0159ovice, Beroun, Dob\u0159\u00ed\u0161, P\u0159\u00edbram, Sedl\u010dany\" class=\"wp-image-4234\" srcset=\"http:\/\/www.kapap-czech.cz\/wp-content\/uploads\/2025\/08\/plakaty-a3-25-dospeli-v5.jpg 1071w, http:\/\/www.kapap-czech.cz\/wp-content\/uploads\/2025\/08\/plakaty-a3-25-dospeli-v5-214x300.jpg 214w, http:\/\/www.kapap-czech.cz\/wp-content\/uploads\/2025\/08\/plakaty-a3-25-dospeli-v5-731x1024.jpg 731w, http:\/\/www.kapap-czech.cz\/wp-content\/uploads\/2025\/08\/plakaty-a3-25-dospeli-v5-768x1076.jpg 768w\" sizes=\"(max-width: 767px) 89vw, (max-width: 1000px) 54vw, (max-width: 1071px) 543px, 580px\" \/><\/a><figcaption>N\u00c1BOR KAPAP CZECH &#8211; Ho\u0159ovice, Beroun, Dob\u0159\u00ed\u0161, P\u0159\u00edbram, Sedl\u010dany<\/figcaption><\/figure>\n\n\n\n<figure class=\"wp-block-image size-large\"><a href=\"http:\/\/www.kapap-czech.cz\/wp-content\/uploads\/2025\/08\/plakaty-a3-25-dospeli-v4.jpg\"><img loading=\"lazy\" width=\"1071\" height=\"1500\" data-id=\"4233\"  src=\"http:\/\/www.kapap-czech.cz\/wp-content\/uploads\/2025\/08\/plakaty-a3-25-dospeli-v4.jpg\" alt=\"N\u00c1BOR KAPAP CZECH - Brno, Olomouc, Boskovice, Ostrava, Zl\u00edn\" class=\"wp-image-4233\" srcset=\"http:\/\/www.kapap-czech.cz\/wp-content\/uploads\/2025\/08\/plakaty-a3-25-dospeli-v4.jpg 1071w, http:\/\/www.kapap-czech.cz\/wp-content\/uploads\/2025\/08\/plakaty-a3-25-dospeli-v4-214x300.jpg 214w, http:\/\/www.kapap-czech.cz\/wp-content\/uploads\/2025\/08\/plakaty-a3-25-dospeli-v4-731x1024.jpg 731w, http:\/\/www.kapap-czech.cz\/wp-content\/uploads\/2025\/08\/plakaty-a3-25-dospeli-v4-768x1076.jpg 768w\" sizes=\"(max-width: 767px) 89vw, (max-width: 1000px) 54vw, (max-width: 1071px) 543px, 580px\" \/><\/a><figcaption>N\u00c1BOR KAPAP CZECH &#8211; Brno, Olomouc, Boskovice, Ostrava, Zl\u00edn<\/figcaption><\/figure>\n\n\n\n<figure class=\"wp-block-image size-large\"><a href=\"http:\/\/www.kapap-czech.cz\/wp-content\/uploads\/2025\/08\/plakaty-a3-25-dospeli-v3.jpg\"><img loading=\"lazy\" width=\"1071\" height=\"1500\" data-id=\"4232\"  src=\"http:\/\/www.kapap-czech.cz\/wp-content\/uploads\/2025\/08\/plakaty-a3-25-dospeli-v3.jpg\" alt=\"N\u00c1BOR KAPAP CZECH - P\u00edsek, Strakonice, T\u00e1bor, Su\u0161ice, \u010cesk\u00e9 Bud\u011bjovice\" class=\"wp-image-4232\" srcset=\"http:\/\/www.kapap-czech.cz\/wp-content\/uploads\/2025\/08\/plakaty-a3-25-dospeli-v3.jpg 1071w, http:\/\/www.kapap-czech.cz\/wp-content\/uploads\/2025\/08\/plakaty-a3-25-dospeli-v3-214x300.jpg 214w, http:\/\/www.kapap-czech.cz\/wp-content\/uploads\/2025\/08\/plakaty-a3-25-dospeli-v3-731x1024.jpg 731w, http:\/\/www.kapap-czech.cz\/wp-content\/uploads\/2025\/08\/plakaty-a3-25-dospeli-v3-768x1076.jpg 768w\" sizes=\"(max-width: 767px) 89vw, (max-width: 1000px) 54vw, (max-width: 1071px) 543px, 580px\" \/><\/a><figcaption>N\u00c1BOR KAPAP CZECH &#8211; P\u00edsek, Strakonice, T\u00e1bor, Su\u0161ice, \u010cesk\u00e9 Bud\u011bjovice<\/figcaption><\/figure>\n\n\n\n<figure class=\"wp-block-image size-large\"><a href=\"http:\/\/www.kapap-czech.cz\/wp-content\/uploads\/2025\/08\/plakaty-a3-25-dospeli-v2.jpg\"><img loading=\"lazy\" width=\"714\" height=\"1000\" data-id=\"4231\"  src=\"http:\/\/www.kapap-czech.cz\/wp-content\/uploads\/2025\/08\/plakaty-a3-25-dospeli-v2.jpg\" alt=\"N\u00c1BOR KAPAP CZECH - Pardubice, Dv\u016fr Kr\u00e1lov\u00e9, Bene\u0161ov, Hradec, Jablonec\" class=\"wp-image-4231\" srcset=\"http:\/\/www.kapap-czech.cz\/wp-content\/uploads\/2025\/08\/plakaty-a3-25-dospeli-v2.jpg 714w, http:\/\/www.kapap-czech.cz\/wp-content\/uploads\/2025\/08\/plakaty-a3-25-dospeli-v2-214x300.jpg 214w\" sizes=\"(max-width: 714px) 100vw, 714px\" \/><\/a><figcaption>N\u00c1BOR KAPAP CZECH &#8211; Pardubice, Dv\u016fr Kr\u00e1lov\u00e9, Bene\u0161ov, Hradec, Jablonec<\/figcaption><\/figure>\n\n\n\n<figure class=\"wp-block-image size-large\"><a href=\"http:\/\/www.kapap-czech.cz\/wp-content\/uploads\/2025\/08\/plakaty-a3-25-dospeli-v1.jpg\"><img loading=\"lazy\" width=\"1071\" height=\"1500\" data-id=\"4230\"  src=\"http:\/\/www.kapap-czech.cz\/wp-content\/uploads\/2025\/08\/plakaty-a3-25-dospeli-v1.jpg\" alt=\"N\u00c1BOR KAPAP CZECH - Chomutov, Mari\u00e1nky, Louny, Plze\u0148, Slan\u00fd\" class=\"wp-image-4230\" srcset=\"http:\/\/www.kapap-czech.cz\/wp-content\/uploads\/2025\/08\/plakaty-a3-25-dospeli-v1.jpg 1071w, http:\/\/www.kapap-czech.cz\/wp-content\/uploads\/2025\/08\/plakaty-a3-25-dospeli-v1-214x300.jpg 214w, http:\/\/www.kapap-czech.cz\/wp-content\/uploads\/2025\/08\/plakaty-a3-25-dospeli-v1-731x1024.jpg 731w, http:\/\/www.kapap-czech.cz\/wp-content\/uploads\/2025\/08\/plakaty-a3-25-dospeli-v1-768x1076.jpg 768w\" sizes=\"(max-width: 767px) 89vw, (max-width: 1000px) 54vw, (max-width: 1071px) 543px, 580px\" \/><\/a><figcaption>N\u00c1BOR KAPAP CZECH &#8211; Chomutov, Mari\u00e1nky, Louny, Plze\u0148, Slan\u00fd<\/figcaption><\/figure>\n<\/figure>\n","protected":false},"excerpt":{"rendered":"<p>Od 2.9. do 2.10.2025 prob\u011bhnou n\u00e1bory dosp\u011bl\u00e1ck\u00e9 sebeobrany v celkem 31 lokalit\u00e1ch KAPAP CZECH. Od Mari\u00e1nsk\u00fdch L\u00e1zn\u00ed po Ostravu a od Jablonec nad Nisou po Jemnici. KAPAP jede a my jedeme s n\u00edm. P\u0159idejte se ke smyslupln\u00e9 a vysoce funk\u010dn\u00ed sebeobran\u011b izraelsk\u00e9ho konceptu KRAV MAGA &amp; KAPAP. M\u00e1 to smysl b\u00fdt p\u0159ipraven a nikdo to &hellip; <\/p>\n<p class=\"link-more\"><a href=\"http:\/\/www.kapap-czech.cz\/?p=4239\" class=\"more-link\">Pokra\u010dovat ve \u010dten\u00ed<span class=\"screen-reader-text\"> &#8222;N\u00e1bory KAPAP CZECH 2025 &#8211; plak\u00e1ty&#8220;<\/span><\/a><\/p>\n","protected":false},"author":1,"featured_media":0,"comment_status":"closed","ping_status":"closed","sticky":false,"template":"","format":"standard","meta":[],"categories":[1],"tags":[],"aioseo_notices":[],"_links":{"self":[{"href":"http:\/\/www.kapap-czech.cz\/index.php?rest_route=\/wp\/v2\/posts\/4239"}],"collection":[{"href":"http:\/\/www.kapap-czech.cz\/index.php?rest_route=\/wp\/v2\/posts"}],"about":[{"href":"http:\/\/www.kapap-czech.cz\/index.php?rest_route=\/wp\/v2\/types\/post"}],"author":[{"embeddable":true,"href":"http:\/\/www.kapap-czech.cz\/index.php?rest_route=\/wp\/v2\/users\/1"}],"replies":[{"embeddable":true,"href":"http:\/\/www.kapap-czech.cz\/index.php?rest_route=%2Fwp%2Fv2%2Fcomments&post=4239"}],"version-history":[{"count":1,"href":"http:\/\/www.kapap-czech.cz\/index.php?rest_route=\/wp\/v2\/posts\/4239\/revisions"}],"predecessor-version":[{"id":4240,"href":"http:\/\/www.kapap-czech.cz\/index.php?rest_route=\/wp\/v2\/posts\/4239\/revisions\/4240"}],"wp:attachment":[{"href":"http:\/\/www.kapap-czech.cz\/index.php?rest_route=%2Fwp%2Fv2%2Fmedia&parent=4239"}],"wp:term":[{"taxonomy":"category","embeddable":true,"href":"http:\/\/www.kapap-czech.cz\/index.php?rest_route=%2Fwp%2Fv2%2Fcategories&post=4239"},{"taxonomy":"post_tag","embeddable":true,"href":"http:\/\/www.kapap-czech.cz\/index.php?rest_route=%2Fwp%2Fv2%2Ftags&post=4239"}],"curies":[{"name":"wp","href":"https:\/\/api.w.org\/{rel}","templated":true}]}}