{"id":437,"date":"2019-01-26T23:25:13","date_gmt":"2019-01-26T23:25:13","guid":{"rendered":"http:\/\/www.kapap-czech.cz\/?p=437"},"modified":"2019-01-26T23:28:39","modified_gmt":"2019-01-26T23:28:39","slug":"praha-seminar-strelna-zbran-2612019","status":"publish","type":"post","link":"http:\/\/www.kapap-czech.cz\/?p=437","title":{"rendered":"PRAHA: Semin\u00e1\u0159 KAPAP &#8211; St\u0159eln\u00e1 zbra\u0148 (26\/1\/2019)"},"content":{"rendered":"<figure id=\"attachment_436\" aria-describedby=\"caption-attachment-436\" style=\"width: 640px\" class=\"wp-caption aligncenter\"><a href=\"http:\/\/www.kapap-czech.cz\/wp-content\/uploads\/2019\/01\/190126_praha_avaloka_strelna_zbran.jpg\"><img loading=\"lazy\" class=\"size-large wp-image-436\" alt=\"\u00da\u010dastn\u00edci semin\u00e1\u0159e KAPAP St\u0159eln\u00e1 zbra\u0148 v Praze (26\/1\/2019)\" src=\"http:\/\/www.kapap-czech.cz\/wp-content\/uploads\/2019\/01\/190126_praha_avaloka_strelna_zbran-1024x581.jpg\" width=\"640\" height=\"363\" srcset=\"http:\/\/www.kapap-czech.cz\/wp-content\/uploads\/2019\/01\/190126_praha_avaloka_strelna_zbran-1024x581.jpg 1024w, http:\/\/www.kapap-czech.cz\/wp-content\/uploads\/2019\/01\/190126_praha_avaloka_strelna_zbran-300x170.jpg 300w, http:\/\/www.kapap-czech.cz\/wp-content\/uploads\/2019\/01\/190126_praha_avaloka_strelna_zbran.jpg 1744w\" sizes=\"(max-width: 640px) 100vw, 640px\" \/><\/a><figcaption id=\"caption-attachment-436\" class=\"wp-caption-text\">\u00da\u010dastn\u00edci semin\u00e1\u0159e KAPAP St\u0159eln\u00e1 zbra\u0148 v Praze (26\/1\/2019)<\/figcaption><\/figure>\n<p>V sobotu 26.ledna prob\u011bhl prvn\u00ed semin\u00e1\u0159 KAPAP CZECH na Aval\u00f3ka Praha v roce 2019.<br \/>\nT\u00e9matem byla tentokr\u00e1te st\u0159eln\u00e1 zbra\u0148 &#8211; obrana proti n\u00ed, odzbrojen\u00ed \u00fato\u010dn\u00edka se st\u0159elnou zbran\u00ed a tak\u00e9 pou\u017eit\u00ed pistole v sebeobran\u011b.<br \/>\nSemin\u00e1\u0159e se z\u00fa\u010dastnilo kr\u00e1sn\u00fdch 11 cvi\u010denc\u016f z Brna, Hradce Kr\u00e1lov\u00e9, Ho\u0159ovic, Prahy, Slan\u00e9ho a Dob\u0159\u00ed\u0161e.<br \/>\nProbrali jsme ve\u0161kerou obranu proti ohro\u017eov\u00e1n\u00ed pistol\u00ed ze v\u0161ech stran z kontaktn\u00ed vzd\u00e1lenosti. Tak\u00e9 pou\u017eit\u00ed pistole jako podpory pro r\u016fzn\u00e9 \u00fadery. V posledn\u00ed \u010d\u00e1sti jsme se zab\u00fdvali principy bodyguardingu a pou\u017eit\u00ed st\u0159eln\u00e9 zbran\u011b pro pot\u0159eby ochrany druh\u00fdch v konceptu VIP Protection.<br \/>\nD\u011bkuji t\u00edmto Mistru Josefu M\u00e1dlovi &#8211; Kod\u00f3 za p\u0159ed\u00e1n\u00ed sv\u00fdch zku\u0161enost\u00ed a jeho vstupy. A v\u0161em \u00fa\u010dastn\u00edk\u016fm za skv\u011blou atmosf\u00e9ru na semin\u00e1\u0159i. Bylo to moc fajn a super. A t\u011b\u0161\u00edme se na dal\u0161\u00ed pra\u017esk\u00fd semin\u00e1\u0159 v ned\u011bli 3.3.2019 op\u011bt v tradi\u010dn\u00ed \u010dase 10-13h.<\/p>\n","protected":false},"excerpt":{"rendered":"<p>V sobotu 26.ledna prob\u011bhl prvn\u00ed semin\u00e1\u0159 KAPAP CZECH na Aval\u00f3ka Praha v roce 2019. T\u00e9matem byla tentokr\u00e1te st\u0159eln\u00e1 zbra\u0148 &#8211; obrana proti n\u00ed, odzbrojen\u00ed \u00fato\u010dn\u00edka se st\u0159elnou zbran\u00ed a tak\u00e9 pou\u017eit\u00ed pistole v sebeobran\u011b. Semin\u00e1\u0159e se z\u00fa\u010dastnilo kr\u00e1sn\u00fdch 11 cvi\u010denc\u016f z Brna, Hradce Kr\u00e1lov\u00e9, Ho\u0159ovic, Prahy, Slan\u00e9ho a Dob\u0159\u00ed\u0161e. Probrali jsme ve\u0161kerou obranu proti ohro\u017eov\u00e1n\u00ed &hellip; <\/p>\n<p class=\"link-more\"><a href=\"http:\/\/www.kapap-czech.cz\/?p=437\" class=\"more-link\">Pokra\u010dovat ve \u010dten\u00ed<span class=\"screen-reader-text\"> &#8222;PRAHA: Semin\u00e1\u0159 KAPAP &#8211; St\u0159eln\u00e1 zbra\u0148 (26\/1\/2019)&#8220;<\/span><\/a><\/p>\n","protected":false},"author":1,"featured_media":0,"comment_status":"closed","ping_status":"closed","sticky":false,"template":"","format":"standard","meta":[],"categories":[1],"tags":[],"aioseo_notices":[],"_links":{"self":[{"href":"http:\/\/www.kapap-czech.cz\/index.php?rest_route=\/wp\/v2\/posts\/437"}],"collection":[{"href":"http:\/\/www.kapap-czech.cz\/index.php?rest_route=\/wp\/v2\/posts"}],"about":[{"href":"http:\/\/www.kapap-czech.cz\/index.php?rest_route=\/wp\/v2\/types\/post"}],"author":[{"embeddable":true,"href":"http:\/\/www.kapap-czech.cz\/index.php?rest_route=\/wp\/v2\/users\/1"}],"replies":[{"embeddable":true,"href":"http:\/\/www.kapap-czech.cz\/index.php?rest_route=%2Fwp%2Fv2%2Fcomments&post=437"}],"version-history":[{"count":2,"href":"http:\/\/www.kapap-czech.cz\/index.php?rest_route=\/wp\/v2\/posts\/437\/revisions"}],"predecessor-version":[{"id":439,"href":"http:\/\/www.kapap-czech.cz\/index.php?rest_route=\/wp\/v2\/posts\/437\/revisions\/439"}],"wp:attachment":[{"href":"http:\/\/www.kapap-czech.cz\/index.php?rest_route=%2Fwp%2Fv2%2Fmedia&parent=437"}],"wp:term":[{"taxonomy":"category","embeddable":true,"href":"http:\/\/www.kapap-czech.cz\/index.php?rest_route=%2Fwp%2Fv2%2Fcategories&post=437"},{"taxonomy":"post_tag","embeddable":true,"href":"http:\/\/www.kapap-czech.cz\/index.php?rest_route=%2Fwp%2Fv2%2Ftags&post=437"}],"curies":[{"name":"wp","href":"https:\/\/api.w.org\/{rel}","templated":true}]}}