{"id":4425,"date":"2025-08-31T23:22:33","date_gmt":"2025-08-31T22:22:33","guid":{"rendered":"http:\/\/www.kapap-czech.cz\/?p=4425"},"modified":"2025-08-31T23:23:12","modified_gmt":"2025-08-31T22:23:12","slug":"clenstvi-kapap-czech-slovakia-2025","status":"publish","type":"post","link":"http:\/\/www.kapap-czech.cz\/?p=4425","title":{"rendered":"\u010cLENSTV\u00cd KAPAP CZECH &#038; SLOVAKIA 2025"},"content":{"rendered":"\n<p>Zde jsou ceny \u010dlenstv\u00ed pro prvn\u00ed pololet\u00ed \u0161koln\u00edho roku 2025\/2026. <\/p>\n\n\n\n<p>Jinde za stejnou cenu m\u00e1te 1 v\u00edkendov\u00fd semin\u00e1\u0159 nebo 2 m\u011bs\u00edce cvi\u010den\u00ed &#8211; u n\u00e1s cvi\u010d\u00edte cel\u00e9 pololet\u00ed a m\u016f\u017eete cvi\u010dit ve v\u0161ech 32 lokalit\u00e1ch KAPAP, kter\u00e9 pro v\u00e1s otv\u00edr\u00e1me. Tak\u017ee nev\u00e1hej a p\u0159idej se k n\u00e1m. <\/p>\n\n\n\n<p>Jedine\u010dn\u00e1 komunita, smyslupln\u00e1 sebeobrana a efektivn\u00ed syst\u00e9m. KAPAP jede!!!<\/p>\n\n\n\n<figure class=\"wp-block-image size-full\"><a href=\"http:\/\/www.kapap-czech.cz\/wp-content\/uploads\/2025\/08\/250901_CLENSTVI-KAPAP-CZECH.jpg\"><img loading=\"lazy\" width=\"856\" height=\"921\" src=\"http:\/\/www.kapap-czech.cz\/wp-content\/uploads\/2025\/08\/250901_CLENSTVI-KAPAP-CZECH.jpg\" alt=\"Ceny \u010dlenstv\u00ed KAPAP CZECH (platn\u00e9 od 1.9.2025)\" class=\"wp-image-4423\" srcset=\"http:\/\/www.kapap-czech.cz\/wp-content\/uploads\/2025\/08\/250901_CLENSTVI-KAPAP-CZECH.jpg 856w, http:\/\/www.kapap-czech.cz\/wp-content\/uploads\/2025\/08\/250901_CLENSTVI-KAPAP-CZECH-279x300.jpg 279w, http:\/\/www.kapap-czech.cz\/wp-content\/uploads\/2025\/08\/250901_CLENSTVI-KAPAP-CZECH-768x826.jpg 768w\" sizes=\"(max-width: 767px) 89vw, (max-width: 1000px) 54vw, (max-width: 1071px) 543px, 580px\" \/><\/a><figcaption>Ceny \u010dlenstv\u00ed KAPAP CZECH (platn\u00e9 od 1.9.2025)<\/figcaption><\/figure>\n","protected":false},"excerpt":{"rendered":"<p>Zde jsou ceny \u010dlenstv\u00ed pro prvn\u00ed pololet\u00ed \u0161koln\u00edho roku 2025\/2026. Jinde za stejnou cenu m\u00e1te 1 v\u00edkendov\u00fd semin\u00e1\u0159 nebo 2 m\u011bs\u00edce cvi\u010den\u00ed &#8211; u n\u00e1s cvi\u010d\u00edte cel\u00e9 pololet\u00ed a m\u016f\u017eete cvi\u010dit ve v\u0161ech 32 lokalit\u00e1ch KAPAP, kter\u00e9 pro v\u00e1s otv\u00edr\u00e1me. Tak\u017ee nev\u00e1hej a p\u0159idej se k n\u00e1m. Jedine\u010dn\u00e1 komunita, smyslupln\u00e1 sebeobrana a efektivn\u00ed syst\u00e9m. KAPAP &hellip; <\/p>\n<p class=\"link-more\"><a href=\"http:\/\/www.kapap-czech.cz\/?p=4425\" class=\"more-link\">Pokra\u010dovat ve \u010dten\u00ed<span class=\"screen-reader-text\"> &#8222;\u010cLENSTV\u00cd KAPAP CZECH &#038; SLOVAKIA 2025&#8220;<\/span><\/a><\/p>\n","protected":false},"author":1,"featured_media":0,"comment_status":"closed","ping_status":"closed","sticky":false,"template":"","format":"standard","meta":[],"categories":[1],"tags":[],"aioseo_notices":[],"_links":{"self":[{"href":"http:\/\/www.kapap-czech.cz\/index.php?rest_route=\/wp\/v2\/posts\/4425"}],"collection":[{"href":"http:\/\/www.kapap-czech.cz\/index.php?rest_route=\/wp\/v2\/posts"}],"about":[{"href":"http:\/\/www.kapap-czech.cz\/index.php?rest_route=\/wp\/v2\/types\/post"}],"author":[{"embeddable":true,"href":"http:\/\/www.kapap-czech.cz\/index.php?rest_route=\/wp\/v2\/users\/1"}],"replies":[{"embeddable":true,"href":"http:\/\/www.kapap-czech.cz\/index.php?rest_route=%2Fwp%2Fv2%2Fcomments&post=4425"}],"version-history":[{"count":3,"href":"http:\/\/www.kapap-czech.cz\/index.php?rest_route=\/wp\/v2\/posts\/4425\/revisions"}],"predecessor-version":[{"id":4428,"href":"http:\/\/www.kapap-czech.cz\/index.php?rest_route=\/wp\/v2\/posts\/4425\/revisions\/4428"}],"wp:attachment":[{"href":"http:\/\/www.kapap-czech.cz\/index.php?rest_route=%2Fwp%2Fv2%2Fmedia&parent=4425"}],"wp:term":[{"taxonomy":"category","embeddable":true,"href":"http:\/\/www.kapap-czech.cz\/index.php?rest_route=%2Fwp%2Fv2%2Fcategories&post=4425"},{"taxonomy":"post_tag","embeddable":true,"href":"http:\/\/www.kapap-czech.cz\/index.php?rest_route=%2Fwp%2Fv2%2Ftags&post=4425"}],"curies":[{"name":"wp","href":"https:\/\/api.w.org\/{rel}","templated":true}]}}