{"id":4445,"date":"2025-10-02T23:05:23","date_gmt":"2025-10-02T22:05:23","guid":{"rendered":"http:\/\/www.kapap-czech.cz\/?p=4445"},"modified":"2025-10-02T23:11:53","modified_gmt":"2025-10-02T22:11:53","slug":"kapap-centrum-morava-zahajilo-cinnost","status":"publish","type":"post","link":"http:\/\/www.kapap-czech.cz\/?p=4445","title":{"rendered":"KAPAP Centrum Morava zah\u00e1jilo \u010dinnost"},"content":{"rendered":"\n<p>KAPAP CZECH p\u0159edstavuje nejv\u011bt\u0161\u00ed s\u00ed\u0165 \u0161kol izraelsk\u00e9 sebeobrany v \u010cR. A dne 2\/10\/2025 dos\u00e1hlo dal\u0161\u00edho miln\u00edku &#8211; otev\u0159elo v Olomouci sv\u00e9 prvn\u00ed moravsk\u00e9 KAPAP Centrum. <\/p>\n\n\n\n<p>Po Dob\u0159\u00ed\u0161, P\u0159\u00edbrami a Jihlav\u011b, se tak Olomouc, st\u00e1v\u00e1 dal\u0161\u00edm centrem pro v\u00fdcvik a vzd\u011bl\u00e1v\u00e1n\u00ed Kapap\u00e1k\u016f ze \u0161irok\u00e9ho a dalek\u00e9ho okol\u00ed &#8211; prakticky cel\u00e9 Moravy. V\u011b\u0159\u00edme, \u017ee se KAPAP Centrum Morava stane obl\u00edben\u00fdm z\u00e1zem\u00edm cvi\u010denc\u016f z Ostravy, Olomouce, Zl\u00edna, Boskovic i Brna. <\/p>\n\n\n\n<figure class=\"wp-block-image size-large\"><a href=\"http:\/\/www.kapap-czech.cz\/wp-content\/uploads\/2025\/10\/IMG-20251002-WA0026.jpg\"><img loading=\"lazy\" width=\"1024\" height=\"768\" src=\"http:\/\/www.kapap-czech.cz\/wp-content\/uploads\/2025\/10\/IMG-20251002-WA0026-1024x768.jpg\" alt=\"OLOMOUC: Prvn\u00ed tr\u00e9nink na KAPAP Centrum Morava (2\/10\/2025)\" class=\"wp-image-4444\" srcset=\"http:\/\/www.kapap-czech.cz\/wp-content\/uploads\/2025\/10\/IMG-20251002-WA0026-1024x768.jpg 1024w, http:\/\/www.kapap-czech.cz\/wp-content\/uploads\/2025\/10\/IMG-20251002-WA0026-300x225.jpg 300w, http:\/\/www.kapap-czech.cz\/wp-content\/uploads\/2025\/10\/IMG-20251002-WA0026-768x576.jpg 768w, http:\/\/www.kapap-czech.cz\/wp-content\/uploads\/2025\/10\/IMG-20251002-WA0026-1536x1152.jpg 1536w, http:\/\/www.kapap-czech.cz\/wp-content\/uploads\/2025\/10\/IMG-20251002-WA0026.jpg 2000w\" sizes=\"(max-width: 767px) 89vw, (max-width: 1000px) 54vw, (max-width: 1071px) 543px, 580px\" \/><\/a><figcaption>OLOMOUC: Prvn\u00ed tr\u00e9nink na KAPAP Centrum Morava (2\/10\/2025)<\/figcaption><\/figure>\n\n\n\n<p>Aby Centrum \u017eilo, jsou na n\u011bm do konce roku vypl\u00e1nov\u00e1ny n\u011bjak\u00e9 semin\u00e1\u0159e &#8211; \u017eensk\u00e1 sebeobrana, tren\u00e9rsk\u00e9 i b\u011b\u017en\u00e9 semin\u00e1\u0159e. Tak\u017ee d\u00edky v\u0161em, kdo\u017e p\u0159ilo\u017eili ruku k d\u00edlu a pomohli s rozjezdem a vybaven\u00edm centra. KAPAP na Morav\u011b siln\u011b zako\u0159e\u0148uje a my odsud pl\u00e1nujeme \u0159\u00eddit i expanzi KAPAP SLOVAKIA na z\u00e1padn\u00edm Slovensku. <\/p>\n\n\n\n<p>Zat\u00edm zde budou prob\u00edhat nov\u011b \u010dtvrte\u010dn\u00ed olomouck\u00e9 tr\u00e9ninky v \u010dase 18.00-19.30. A od Nov\u00e9ho roku sem p\u0159esuneme i \u00fatern\u00ed tr\u00e9ninky ze Z\u0160 Svatoplukovy. <\/p>\n\n\n\n<figure class=\"wp-container-2 wp-block-gallery-1 wp-block-gallery has-nested-images columns-default is-cropped\">\n<figure class=\"wp-block-image size-large\"><a href=\"http:\/\/www.kapap-czech.cz\/wp-content\/uploads\/2025\/10\/IMG-20251002-WA0024.jpg\"><img loading=\"lazy\" width=\"2000\" height=\"1500\" data-id=\"4443\"  src=\"http:\/\/www.kapap-czech.cz\/wp-content\/uploads\/2025\/10\/IMG-20251002-WA0024.jpg\" alt=\"OLOMOUC: KAPAP Centrum Morava\" class=\"wp-image-4443\" srcset=\"http:\/\/www.kapap-czech.cz\/wp-content\/uploads\/2025\/10\/IMG-20251002-WA0024.jpg 2000w, http:\/\/www.kapap-czech.cz\/wp-content\/uploads\/2025\/10\/IMG-20251002-WA0024-300x225.jpg 300w, http:\/\/www.kapap-czech.cz\/wp-content\/uploads\/2025\/10\/IMG-20251002-WA0024-1024x768.jpg 1024w, http:\/\/www.kapap-czech.cz\/wp-content\/uploads\/2025\/10\/IMG-20251002-WA0024-768x576.jpg 768w, http:\/\/www.kapap-czech.cz\/wp-content\/uploads\/2025\/10\/IMG-20251002-WA0024-1536x1152.jpg 1536w\" sizes=\"(max-width: 767px) 89vw, (max-width: 1000px) 54vw, (max-width: 1071px) 543px, 580px\" \/><\/a><figcaption>OLOMOUC: KAPAP Centrum Morava <\/figcaption><\/figure>\n\n\n\n<figure class=\"wp-block-image size-large\"><a href=\"http:\/\/www.kapap-czech.cz\/wp-content\/uploads\/2025\/10\/IMG-20251002-WA0023.jpg\"><img loading=\"lazy\" width=\"2000\" height=\"1500\" data-id=\"4442\"  src=\"http:\/\/www.kapap-czech.cz\/wp-content\/uploads\/2025\/10\/IMG-20251002-WA0023.jpg\" alt=\"OLOMOUC: KAPAP Centrum Morava\" class=\"wp-image-4442\" srcset=\"http:\/\/www.kapap-czech.cz\/wp-content\/uploads\/2025\/10\/IMG-20251002-WA0023.jpg 2000w, http:\/\/www.kapap-czech.cz\/wp-content\/uploads\/2025\/10\/IMG-20251002-WA0023-300x225.jpg 300w, http:\/\/www.kapap-czech.cz\/wp-content\/uploads\/2025\/10\/IMG-20251002-WA0023-1024x768.jpg 1024w, http:\/\/www.kapap-czech.cz\/wp-content\/uploads\/2025\/10\/IMG-20251002-WA0023-768x576.jpg 768w, http:\/\/www.kapap-czech.cz\/wp-content\/uploads\/2025\/10\/IMG-20251002-WA0023-1536x1152.jpg 1536w\" sizes=\"(max-width: 767px) 89vw, (max-width: 1000px) 54vw, (max-width: 1071px) 543px, 580px\" \/><\/a><figcaption>OLOMOUC: KAPAP Centrum Morava <\/figcaption><\/figure>\n<\/figure>\n","protected":false},"excerpt":{"rendered":"<p>KAPAP CZECH p\u0159edstavuje nejv\u011bt\u0161\u00ed s\u00ed\u0165 \u0161kol izraelsk\u00e9 sebeobrany v \u010cR. A dne 2\/10\/2025 dos\u00e1hlo dal\u0161\u00edho miln\u00edku &#8211; otev\u0159elo v Olomouci sv\u00e9 prvn\u00ed moravsk\u00e9 KAPAP Centrum. Po Dob\u0159\u00ed\u0161, P\u0159\u00edbrami a Jihlav\u011b, se tak Olomouc, st\u00e1v\u00e1 dal\u0161\u00edm centrem pro v\u00fdcvik a vzd\u011bl\u00e1v\u00e1n\u00ed Kapap\u00e1k\u016f ze \u0161irok\u00e9ho a dalek\u00e9ho okol\u00ed &#8211; prakticky cel\u00e9 Moravy. V\u011b\u0159\u00edme, \u017ee se KAPAP Centrum &hellip; <\/p>\n<p class=\"link-more\"><a href=\"http:\/\/www.kapap-czech.cz\/?p=4445\" class=\"more-link\">Pokra\u010dovat ve \u010dten\u00ed<span class=\"screen-reader-text\"> &#8222;KAPAP Centrum Morava zah\u00e1jilo \u010dinnost&#8220;<\/span><\/a><\/p>\n","protected":false},"author":1,"featured_media":0,"comment_status":"closed","ping_status":"closed","sticky":false,"template":"","format":"standard","meta":[],"categories":[1],"tags":[],"aioseo_notices":[],"_links":{"self":[{"href":"http:\/\/www.kapap-czech.cz\/index.php?rest_route=\/wp\/v2\/posts\/4445"}],"collection":[{"href":"http:\/\/www.kapap-czech.cz\/index.php?rest_route=\/wp\/v2\/posts"}],"about":[{"href":"http:\/\/www.kapap-czech.cz\/index.php?rest_route=\/wp\/v2\/types\/post"}],"author":[{"embeddable":true,"href":"http:\/\/www.kapap-czech.cz\/index.php?rest_route=\/wp\/v2\/users\/1"}],"replies":[{"embeddable":true,"href":"http:\/\/www.kapap-czech.cz\/index.php?rest_route=%2Fwp%2Fv2%2Fcomments&post=4445"}],"version-history":[{"count":3,"href":"http:\/\/www.kapap-czech.cz\/index.php?rest_route=\/wp\/v2\/posts\/4445\/revisions"}],"predecessor-version":[{"id":4450,"href":"http:\/\/www.kapap-czech.cz\/index.php?rest_route=\/wp\/v2\/posts\/4445\/revisions\/4450"}],"wp:attachment":[{"href":"http:\/\/www.kapap-czech.cz\/index.php?rest_route=%2Fwp%2Fv2%2Fmedia&parent=4445"}],"wp:term":[{"taxonomy":"category","embeddable":true,"href":"http:\/\/www.kapap-czech.cz\/index.php?rest_route=%2Fwp%2Fv2%2Fcategories&post=4445"},{"taxonomy":"post_tag","embeddable":true,"href":"http:\/\/www.kapap-czech.cz\/index.php?rest_route=%2Fwp%2Fv2%2Ftags&post=4445"}],"curies":[{"name":"wp","href":"https:\/\/api.w.org\/{rel}","templated":true}]}}