{"id":445,"date":"2019-02-12T07:49:56","date_gmt":"2019-02-12T07:49:56","guid":{"rendered":"http:\/\/www.kapap-czech.cz\/?p=445"},"modified":"2019-02-12T07:49:56","modified_gmt":"2019-02-12T07:49:56","slug":"pozvanka-na-seminare-kapap-do-svitav-a-jihlavy","status":"publish","type":"post","link":"http:\/\/www.kapap-czech.cz\/?p=445","title":{"rendered":"Pozv\u00e1nka na semin\u00e1\u0159e KAPAP do SVITAV a JIHLAVY"},"content":{"rendered":"<figure id=\"attachment_444\" aria-describedby=\"caption-attachment-444\" style=\"width: 640px\" class=\"wp-caption aligncenter\"><a href=\"http:\/\/www.kapap-czech.cz\/wp-content\/uploads\/2019\/02\/19021617_pozvanka_JI_SY.jpg\"><img loading=\"lazy\" class=\"size-large wp-image-444\" alt=\"Pozv\u00e1nka na semin\u00e1\u0159e Svitavy (16.2.) a Jihlava (17.2.)\" src=\"http:\/\/www.kapap-czech.cz\/wp-content\/uploads\/2019\/02\/19021617_pozvanka_JI_SY-1024x576.jpg\" width=\"640\" height=\"360\" srcset=\"http:\/\/www.kapap-czech.cz\/wp-content\/uploads\/2019\/02\/19021617_pozvanka_JI_SY-1024x576.jpg 1024w, http:\/\/www.kapap-czech.cz\/wp-content\/uploads\/2019\/02\/19021617_pozvanka_JI_SY-300x168.jpg 300w, http:\/\/www.kapap-czech.cz\/wp-content\/uploads\/2019\/02\/19021617_pozvanka_JI_SY.jpg 2048w\" sizes=\"(max-width: 640px) 100vw, 640px\" \/><\/a><figcaption id=\"caption-attachment-444\" class=\"wp-caption-text\">Pozv\u00e1nka na semin\u00e1\u0159e Svitavy (16.2.) a Jihlava (17.2.)<\/figcaption><\/figure>\n<p>V sobotu 16.2. a ned\u011bli 17.2. prob\u011bhnou dlouho o\u010dek\u00e1van\u00e9 semin\u00e1\u0159e KRAV MAGA &amp; KAPAP ve Svitav\u00e1ch a Jihlav\u011b.<\/p>\n<p>Obsahem bude:<\/p>\n<ul>\n<li>techniky sebeobrany beze zbran\u011b,<\/li>\n<li>obrana proti \u00fader\u016fm a kop\u016fm,<\/li>\n<li>obrana proti ohro\u017een\u00ed a \u00fatoku no\u017eem.<\/li>\n<\/ul>\n<p>Sebou sta\u010d\u00ed sportovn\u00ed oble\u010den\u00ed, boty do t\u011blocvi\u010dny, pit\u00ed a dobrou n\u00e1ladu. Kdo m\u00e1 suspenzor \u010di tr\u00e9ninkov\u00fd n\u016f\u017e, m\u016f\u017ee sebou vz\u00edt tak\u00e9.<\/p>\n<p>Registrace na akci najdete na\u00a0<a title=\"Registrace na akce KAPAP\" href=\"http:\/\/www.kapap-czech.cz\/?page_id=81\" target=\"_blank\">http:\/\/www.kapap-czech.cz\/?page_id=81<\/a><\/p>\n<p>Za organiz\u00e1tora se na v\u00e1s t\u011b\u0161\u00ed Roman Urb\u00e1nek a Michal Janou\u0161ek alias Instruktor Mike (605\/130057).<\/p>\n","protected":false},"excerpt":{"rendered":"<p>V sobotu 16.2. a ned\u011bli 17.2. prob\u011bhnou dlouho o\u010dek\u00e1van\u00e9 semin\u00e1\u0159e KRAV MAGA &amp; KAPAP ve Svitav\u00e1ch a Jihlav\u011b. Obsahem bude: techniky sebeobrany beze zbran\u011b, obrana proti \u00fader\u016fm a kop\u016fm, obrana proti ohro\u017een\u00ed a \u00fatoku no\u017eem. Sebou sta\u010d\u00ed sportovn\u00ed oble\u010den\u00ed, boty do t\u011blocvi\u010dny, pit\u00ed a dobrou n\u00e1ladu. Kdo m\u00e1 suspenzor \u010di tr\u00e9ninkov\u00fd n\u016f\u017e, m\u016f\u017ee sebou vz\u00edt &hellip; <\/p>\n<p class=\"link-more\"><a href=\"http:\/\/www.kapap-czech.cz\/?p=445\" class=\"more-link\">Pokra\u010dovat ve \u010dten\u00ed<span class=\"screen-reader-text\"> &#8222;Pozv\u00e1nka na semin\u00e1\u0159e KAPAP do SVITAV a JIHLAVY&#8220;<\/span><\/a><\/p>\n","protected":false},"author":1,"featured_media":0,"comment_status":"closed","ping_status":"closed","sticky":false,"template":"","format":"standard","meta":[],"categories":[3],"tags":[],"aioseo_notices":[],"_links":{"self":[{"href":"http:\/\/www.kapap-czech.cz\/index.php?rest_route=\/wp\/v2\/posts\/445"}],"collection":[{"href":"http:\/\/www.kapap-czech.cz\/index.php?rest_route=\/wp\/v2\/posts"}],"about":[{"href":"http:\/\/www.kapap-czech.cz\/index.php?rest_route=\/wp\/v2\/types\/post"}],"author":[{"embeddable":true,"href":"http:\/\/www.kapap-czech.cz\/index.php?rest_route=\/wp\/v2\/users\/1"}],"replies":[{"embeddable":true,"href":"http:\/\/www.kapap-czech.cz\/index.php?rest_route=%2Fwp%2Fv2%2Fcomments&post=445"}],"version-history":[{"count":1,"href":"http:\/\/www.kapap-czech.cz\/index.php?rest_route=\/wp\/v2\/posts\/445\/revisions"}],"predecessor-version":[{"id":446,"href":"http:\/\/www.kapap-czech.cz\/index.php?rest_route=\/wp\/v2\/posts\/445\/revisions\/446"}],"wp:attachment":[{"href":"http:\/\/www.kapap-czech.cz\/index.php?rest_route=%2Fwp%2Fv2%2Fmedia&parent=445"}],"wp:term":[{"taxonomy":"category","embeddable":true,"href":"http:\/\/www.kapap-czech.cz\/index.php?rest_route=%2Fwp%2Fv2%2Fcategories&post=445"},{"taxonomy":"post_tag","embeddable":true,"href":"http:\/\/www.kapap-czech.cz\/index.php?rest_route=%2Fwp%2Fv2%2Ftags&post=445"}],"curies":[{"name":"wp","href":"https:\/\/api.w.org\/{rel}","templated":true}]}}