{"id":4453,"date":"2025-10-03T08:24:57","date_gmt":"2025-10-03T07:24:57","guid":{"rendered":"http:\/\/www.kapap-czech.cz\/?p=4453"},"modified":"2025-10-03T08:24:59","modified_gmt":"2025-10-03T07:24:59","slug":"kalendar-akci-kapap-czech-rijen-2025","status":"publish","type":"post","link":"http:\/\/www.kapap-czech.cz\/?p=4453","title":{"rendered":"Kalend\u00e1\u0159 akc\u00ed KAPAP CZECH (\u0159\u00edjen 2025)"},"content":{"rendered":"\n<p>Z\u00e1\u0159iov\u00e9 n\u00e1bory skon\u010dily a m\u00e1me tu op\u011bt \u0159\u00edjen a s n\u00edm start b\u011b\u017en\u00fdch tr\u00e9nink\u016f i v\u00edkendov\u00fdch semin\u00e1\u0159\u016f po cel\u00e9 \u010cR. Kalend\u00e1\u0159 je nabit\u00fd. Registrace na semin\u00e1\u0159e tradi\u010dn\u011b online zde: <a href=\"http:\/\/www.kapap-czech.cz\/?page_id=81\" target=\"_blank\" rel=\"noopener\">http:\/\/www.kapap-czech.cz\/?page_id=81<\/a><\/p>\n\n\n\n<p>\u0158\u00edjen obsahuje i tradi\u010dn\u00ed PODZIMN\u00cd CAMP 2025, tzv. moravsk\u00fd, kter\u00fd se kon\u00e1 tento rok v Host\u00fdnsk\u00fdch vr\u0161\u00edch. Registraci na n\u011bj najdete zde: <a href=\"https:\/\/kapapczech.dtap.cz\/register\/?link=5\" target=\"_blank\" rel=\"noopener\">https:\/\/kapapczech.dtap.cz\/register\/?link=5<\/a><\/p>\n\n\n\n<figure class=\"wp-block-image size-full\"><a href=\"http:\/\/www.kapap-czech.cz\/wp-content\/uploads\/2025\/10\/2510-kalnedar-akci.jpg\"><img loading=\"lazy\" width=\"908\" height=\"511\" src=\"http:\/\/www.kapap-czech.cz\/wp-content\/uploads\/2025\/10\/2510-kalnedar-akci.jpg\" alt=\"Kalend\u00e1\u0159 akc\u00ed KAPAP CZECH (\u0159\u00edjen 2025)\" class=\"wp-image-4452\" srcset=\"http:\/\/www.kapap-czech.cz\/wp-content\/uploads\/2025\/10\/2510-kalnedar-akci.jpg 908w, http:\/\/www.kapap-czech.cz\/wp-content\/uploads\/2025\/10\/2510-kalnedar-akci-300x169.jpg 300w, http:\/\/www.kapap-czech.cz\/wp-content\/uploads\/2025\/10\/2510-kalnedar-akci-768x432.jpg 768w\" sizes=\"(max-width: 767px) 89vw, (max-width: 1000px) 54vw, (max-width: 1071px) 543px, 580px\" \/><\/a><figcaption>Kalend\u00e1\u0159 akc\u00ed KAPAP CZECH (\u0159\u00edjen 2025)<\/figcaption><\/figure>\n","protected":false},"excerpt":{"rendered":"<p>Z\u00e1\u0159iov\u00e9 n\u00e1bory skon\u010dily a m\u00e1me tu op\u011bt \u0159\u00edjen a s n\u00edm start b\u011b\u017en\u00fdch tr\u00e9nink\u016f i v\u00edkendov\u00fdch semin\u00e1\u0159\u016f po cel\u00e9 \u010cR. Kalend\u00e1\u0159 je nabit\u00fd. Registrace na semin\u00e1\u0159e tradi\u010dn\u011b online zde: http:\/\/www.kapap-czech.cz\/?page_id=81 \u0158\u00edjen obsahuje i tradi\u010dn\u00ed PODZIMN\u00cd CAMP 2025, tzv. moravsk\u00fd, kter\u00fd se kon\u00e1 tento rok v Host\u00fdnsk\u00fdch vr\u0161\u00edch. Registraci na n\u011bj najdete zde: https:\/\/kapapczech.dtap.cz\/register\/?link=5<\/p>\n","protected":false},"author":1,"featured_media":0,"comment_status":"closed","ping_status":"closed","sticky":false,"template":"","format":"standard","meta":[],"categories":[1],"tags":[],"aioseo_notices":[],"_links":{"self":[{"href":"http:\/\/www.kapap-czech.cz\/index.php?rest_route=\/wp\/v2\/posts\/4453"}],"collection":[{"href":"http:\/\/www.kapap-czech.cz\/index.php?rest_route=\/wp\/v2\/posts"}],"about":[{"href":"http:\/\/www.kapap-czech.cz\/index.php?rest_route=\/wp\/v2\/types\/post"}],"author":[{"embeddable":true,"href":"http:\/\/www.kapap-czech.cz\/index.php?rest_route=\/wp\/v2\/users\/1"}],"replies":[{"embeddable":true,"href":"http:\/\/www.kapap-czech.cz\/index.php?rest_route=%2Fwp%2Fv2%2Fcomments&post=4453"}],"version-history":[{"count":1,"href":"http:\/\/www.kapap-czech.cz\/index.php?rest_route=\/wp\/v2\/posts\/4453\/revisions"}],"predecessor-version":[{"id":4454,"href":"http:\/\/www.kapap-czech.cz\/index.php?rest_route=\/wp\/v2\/posts\/4453\/revisions\/4454"}],"wp:attachment":[{"href":"http:\/\/www.kapap-czech.cz\/index.php?rest_route=%2Fwp%2Fv2%2Fmedia&parent=4453"}],"wp:term":[{"taxonomy":"category","embeddable":true,"href":"http:\/\/www.kapap-czech.cz\/index.php?rest_route=%2Fwp%2Fv2%2Fcategories&post=4453"},{"taxonomy":"post_tag","embeddable":true,"href":"http:\/\/www.kapap-czech.cz\/index.php?rest_route=%2Fwp%2Fv2%2Ftags&post=4453"}],"curies":[{"name":"wp","href":"https:\/\/api.w.org\/{rel}","templated":true}]}}