{"id":448,"date":"2019-02-17T21:13:06","date_gmt":"2019-02-17T21:13:06","guid":{"rendered":"http:\/\/www.kapap-czech.cz\/?p=448"},"modified":"2019-02-17T23:02:42","modified_gmt":"2019-02-17T23:02:42","slug":"svitavy-a-jihlava-seminare-krav-maga-ikf-kapap-czech","status":"publish","type":"post","link":"http:\/\/www.kapap-czech.cz\/?p=448","title":{"rendered":"SVITAVY a JIHLAVA: Semin\u00e1\u0159e KRAV MAGA &#038; KAPAP"},"content":{"rendered":"<figure id=\"attachment_447\" aria-describedby=\"caption-attachment-447\" style=\"width: 640px\" class=\"wp-caption aligncenter\"><a href=\"http:\/\/www.kapap-czech.cz\/wp-content\/uploads\/2019\/02\/190216_svitavy_all.jpg\"><img loading=\"lazy\" class=\"size-large wp-image-447\" alt=\"\u00da\u010dastnici semin\u00e1\u0159e KRAV MAGA &amp; KAPAP - Svitavy (16\/2\/2019)\" src=\"http:\/\/www.kapap-czech.cz\/wp-content\/uploads\/2019\/02\/190216_svitavy_all-1024x354.jpg\" width=\"640\" height=\"221\" srcset=\"http:\/\/www.kapap-czech.cz\/wp-content\/uploads\/2019\/02\/190216_svitavy_all-1024x354.jpg 1024w, http:\/\/www.kapap-czech.cz\/wp-content\/uploads\/2019\/02\/190216_svitavy_all-300x103.jpg 300w, http:\/\/www.kapap-czech.cz\/wp-content\/uploads\/2019\/02\/190216_svitavy_all.jpg 1375w\" sizes=\"(max-width: 640px) 100vw, 640px\" \/><\/a><figcaption id=\"caption-attachment-447\" class=\"wp-caption-text\">\u00da\u010dastnici semin\u00e1\u0159e KRAV MAGA &amp; KAPAP &#8211; Svitavy (16\/2\/2019)<\/figcaption><\/figure>\n<p>O v\u00edkendu 16.-17.2.2019 prob\u011bhly dva semin\u00e1\u0159e dvou spolupracuj\u00edc\u00edch \u0161kol izraelsk\u00e9 sebeobrany &#8211; KRAV MAGA IKF a KAPAP CZECH uspo\u0159\u00e1daly spole\u010dn\u00e9 semin\u00e1\u0159e ve Svitav\u00e1ch (16.2.) a v Jihlav\u011b (17.2.).<\/p>\n<p>Sobotn\u00edho semin\u00e1\u0159e ve Svitav\u00e1ch se z\u00fa\u010dastnilo celkem 25 cvi\u010denc\u016f, ned\u011bln\u00edho semin\u00e1\u0159e v Jihlav\u011b 15 lidi\u010dek.<\/p>\n<p>Oba semin\u00e1\u0159e byly t\u0159\u00edhodinov\u00e9 a rozd\u011blen\u00e9 na poloviny, kdy prvn\u00ed p\u016flku vedl Mike z KAPAP CZECH a zam\u011b\u0159oval se na \u00faderovou techniku a obranu proti \u00fader\u016fm neboli aplikace tvrd\u00fdch kryt\u016f. Druhou polovinu semin\u00e1\u0159\u016f vedl Roman Urb\u00e1nek z KRAV MAGA IKF Czech republik, co\u017e je \u0161kola, kter\u00e1 p\u016fsob\u00ed na Svitavsku. Ten se zam\u011b\u0159il na techniky napaden\u00ed zezadu, \u0161krcen\u00ed a aplikace obrany proti ohro\u017eov\u00e1n\u00ed no\u017eem.<\/p>\n<p>Podle zp\u011btn\u00e9 vazby se semin\u00e1\u0159e velice l\u00edbily a ur\u010dit\u011b r\u00e1di budeme v obou regionech v t\u00e9to \u010dinnosti v budoucnu pokra\u010dovat, nebo\u0165 z\u00e1jemci v obou regionech o na\u0161e cvi\u010den\u00ed jsou.<\/p>\n<figure id=\"attachment_451\" aria-describedby=\"caption-attachment-451\" style=\"width: 640px\" class=\"wp-caption aligncenter\"><a href=\"http:\/\/www.kapap-czech.cz\/wp-content\/uploads\/2019\/02\/190217_jihlava_ucast_all-web.jpg\"><img loading=\"lazy\" class=\"size-large wp-image-451\" alt=\"\u00da\u010dastnici semin\u00e1\u0159e KRAV MAGA &amp; KAPAP - Jihlava (17\/2\/2019)\" src=\"http:\/\/www.kapap-czech.cz\/wp-content\/uploads\/2019\/02\/190217_jihlava_ucast_all-web-1024x511.jpg\" width=\"640\" height=\"319\" srcset=\"http:\/\/www.kapap-czech.cz\/wp-content\/uploads\/2019\/02\/190217_jihlava_ucast_all-web-1024x511.jpg 1024w, http:\/\/www.kapap-czech.cz\/wp-content\/uploads\/2019\/02\/190217_jihlava_ucast_all-web-300x149.jpg 300w, http:\/\/www.kapap-czech.cz\/wp-content\/uploads\/2019\/02\/190217_jihlava_ucast_all-web.jpg 1470w\" sizes=\"(max-width: 640px) 100vw, 640px\" \/><\/a><figcaption id=\"caption-attachment-451\" class=\"wp-caption-text\">\u00da\u010dastnici semin\u00e1\u0159e KRAV MAGA &amp; KAPAP &#8211; Jihlava (17\/2\/2019)<\/figcaption><\/figure>\n","protected":false},"excerpt":{"rendered":"<p>O v\u00edkendu 16.-17.2.2019 prob\u011bhly dva semin\u00e1\u0159e dvou spolupracuj\u00edc\u00edch \u0161kol izraelsk\u00e9 sebeobrany &#8211; KRAV MAGA IKF a KAPAP CZECH uspo\u0159\u00e1daly spole\u010dn\u00e9 semin\u00e1\u0159e ve Svitav\u00e1ch (16.2.) a v Jihlav\u011b (17.2.). Sobotn\u00edho semin\u00e1\u0159e ve Svitav\u00e1ch se z\u00fa\u010dastnilo celkem 25 cvi\u010denc\u016f, ned\u011bln\u00edho semin\u00e1\u0159e v Jihlav\u011b 15 lidi\u010dek. Oba semin\u00e1\u0159e byly t\u0159\u00edhodinov\u00e9 a rozd\u011blen\u00e9 na poloviny, kdy prvn\u00ed p\u016flku vedl &hellip; <\/p>\n<p class=\"link-more\"><a href=\"http:\/\/www.kapap-czech.cz\/?p=448\" class=\"more-link\">Pokra\u010dovat ve \u010dten\u00ed<span class=\"screen-reader-text\"> &#8222;SVITAVY a JIHLAVA: Semin\u00e1\u0159e KRAV MAGA &#038; KAPAP&#8220;<\/span><\/a><\/p>\n","protected":false},"author":1,"featured_media":0,"comment_status":"closed","ping_status":"closed","sticky":false,"template":"","format":"standard","meta":[],"categories":[3],"tags":[],"aioseo_notices":[],"_links":{"self":[{"href":"http:\/\/www.kapap-czech.cz\/index.php?rest_route=\/wp\/v2\/posts\/448"}],"collection":[{"href":"http:\/\/www.kapap-czech.cz\/index.php?rest_route=\/wp\/v2\/posts"}],"about":[{"href":"http:\/\/www.kapap-czech.cz\/index.php?rest_route=\/wp\/v2\/types\/post"}],"author":[{"embeddable":true,"href":"http:\/\/www.kapap-czech.cz\/index.php?rest_route=\/wp\/v2\/users\/1"}],"replies":[{"embeddable":true,"href":"http:\/\/www.kapap-czech.cz\/index.php?rest_route=%2Fwp%2Fv2%2Fcomments&post=448"}],"version-history":[{"count":3,"href":"http:\/\/www.kapap-czech.cz\/index.php?rest_route=\/wp\/v2\/posts\/448\/revisions"}],"predecessor-version":[{"id":452,"href":"http:\/\/www.kapap-czech.cz\/index.php?rest_route=\/wp\/v2\/posts\/448\/revisions\/452"}],"wp:attachment":[{"href":"http:\/\/www.kapap-czech.cz\/index.php?rest_route=%2Fwp%2Fv2%2Fmedia&parent=448"}],"wp:term":[{"taxonomy":"category","embeddable":true,"href":"http:\/\/www.kapap-czech.cz\/index.php?rest_route=%2Fwp%2Fv2%2Fcategories&post=448"},{"taxonomy":"post_tag","embeddable":true,"href":"http:\/\/www.kapap-czech.cz\/index.php?rest_route=%2Fwp%2Fv2%2Ftags&post=448"}],"curies":[{"name":"wp","href":"https:\/\/api.w.org\/{rel}","templated":true}]}}