{"id":455,"date":"2019-02-25T23:33:29","date_gmt":"2019-02-25T23:33:29","guid":{"rendered":"http:\/\/www.kapap-czech.cz\/?p=455"},"modified":"2019-02-25T23:33:44","modified_gmt":"2019-02-25T23:33:44","slug":"pribram-kurz-sebeobrany-zen-ii-2422019","status":"publish","type":"post","link":"http:\/\/www.kapap-czech.cz\/?p=455","title":{"rendered":"P\u0158\u00cdBRAM: Kurz sebeobrany \u017een II. (24\/2\/2019)"},"content":{"rendered":"<figure id=\"attachment_454\" aria-describedby=\"caption-attachment-454\" style=\"width: 1024px\" class=\"wp-caption aligncenter\"><a href=\"http:\/\/www.kapap-czech.cz\/wp-content\/uploads\/2019\/02\/190224_PB_kapap_woman_all.jpg\"><img loading=\"lazy\" class=\"size-full wp-image-454\" alt=\"Kurz sebeobrany \u017een II. v P\u0159\u00edbrami (24\/2\/2019)\" src=\"http:\/\/www.kapap-czech.cz\/wp-content\/uploads\/2019\/02\/190224_PB_kapap_woman_all.jpg\" width=\"1024\" height=\"503\" srcset=\"http:\/\/www.kapap-czech.cz\/wp-content\/uploads\/2019\/02\/190224_PB_kapap_woman_all.jpg 1024w, http:\/\/www.kapap-czech.cz\/wp-content\/uploads\/2019\/02\/190224_PB_kapap_woman_all-300x147.jpg 300w\" sizes=\"(max-width: 767px) 89vw, (max-width: 1000px) 54vw, (max-width: 1071px) 543px, 580px\" \/><\/a><figcaption id=\"caption-attachment-454\" class=\"wp-caption-text\">Kurz sebeobrany \u017een II. v P\u0159\u00edbrami (24\/2\/2019)<\/figcaption><\/figure>\n<p>Posledn\u00ed \u00fanorovou ned\u011bli prob\u011bhlo v P\u0159\u00edbrami voln\u00e9 pokra\u010dov\u00e1n\u00ed lednov\u00e9ho kurzu sebeobrany \u017een. Z\u00fa\u010dastnilo se kr\u00e1sn\u00fdch 30 \u00fa\u010dastnic, kter\u00e9 si nejen zopakovaly dovednosti z lednov\u00e9ho kurzu, ale tak\u00e9 roz\u0161\u00ed\u0159ily o dal\u0161\u00ed obrann\u00e9 techniky a kombinace. Tak\u00e9 jsme nezapomn\u011bli na tr\u00e9nink \u00fader\u016f a kop\u016f, kter\u00fd jsme v druh\u00e9 p\u016flce semin\u00e1\u0159e v\u011bnovaly velk\u00fd prostor.<br \/>\nV\u011b\u0159\u00edme, \u017ee se kurz op\u011bt l\u00edbil a budeme se t\u011b\u0161it na zp\u011btn\u00e9 vazby. Na\u0161\u00ed nejv\u011bt\u0161\u00ed odm\u011bnou jsou spokojen\u00e9 \u00fa\u010dastnice. Nav\u00e1zali jsme tak na lednov\u00fd \u00fasp\u011bch, kdy dorazilo 50 \u00fa\u010dastnic, z nich\u017e n\u011bkter\u00e9 se p\u0159idaly a chod\u00ed cvi\u010dit pravideln\u011b na na\u0161e p\u0159\u00edbramsk\u00e9 (\u00daT a \u010cT) i dob\u0159\u00ed\u0161sk\u00e9 tr\u00e9ninky (PO a P\u00c1).<\/p>\n","protected":false},"excerpt":{"rendered":"<p>Posledn\u00ed \u00fanorovou ned\u011bli prob\u011bhlo v P\u0159\u00edbrami voln\u00e9 pokra\u010dov\u00e1n\u00ed lednov\u00e9ho kurzu sebeobrany \u017een. Z\u00fa\u010dastnilo se kr\u00e1sn\u00fdch 30 \u00fa\u010dastnic, kter\u00e9 si nejen zopakovaly dovednosti z lednov\u00e9ho kurzu, ale tak\u00e9 roz\u0161\u00ed\u0159ily o dal\u0161\u00ed obrann\u00e9 techniky a kombinace. Tak\u00e9 jsme nezapomn\u011bli na tr\u00e9nink \u00fader\u016f a kop\u016f, kter\u00fd jsme v druh\u00e9 p\u016flce semin\u00e1\u0159e v\u011bnovaly velk\u00fd prostor. V\u011b\u0159\u00edme, \u017ee se kurz &hellip; <\/p>\n<p class=\"link-more\"><a href=\"http:\/\/www.kapap-czech.cz\/?p=455\" class=\"more-link\">Pokra\u010dovat ve \u010dten\u00ed<span class=\"screen-reader-text\"> &#8222;P\u0158\u00cdBRAM: Kurz sebeobrany \u017een II. (24\/2\/2019)&#8220;<\/span><\/a><\/p>\n","protected":false},"author":1,"featured_media":0,"comment_status":"closed","ping_status":"closed","sticky":false,"template":"","format":"standard","meta":[],"categories":[3],"tags":[],"aioseo_notices":[],"_links":{"self":[{"href":"http:\/\/www.kapap-czech.cz\/index.php?rest_route=\/wp\/v2\/posts\/455"}],"collection":[{"href":"http:\/\/www.kapap-czech.cz\/index.php?rest_route=\/wp\/v2\/posts"}],"about":[{"href":"http:\/\/www.kapap-czech.cz\/index.php?rest_route=\/wp\/v2\/types\/post"}],"author":[{"embeddable":true,"href":"http:\/\/www.kapap-czech.cz\/index.php?rest_route=\/wp\/v2\/users\/1"}],"replies":[{"embeddable":true,"href":"http:\/\/www.kapap-czech.cz\/index.php?rest_route=%2Fwp%2Fv2%2Fcomments&post=455"}],"version-history":[{"count":1,"href":"http:\/\/www.kapap-czech.cz\/index.php?rest_route=\/wp\/v2\/posts\/455\/revisions"}],"predecessor-version":[{"id":456,"href":"http:\/\/www.kapap-czech.cz\/index.php?rest_route=\/wp\/v2\/posts\/455\/revisions\/456"}],"wp:attachment":[{"href":"http:\/\/www.kapap-czech.cz\/index.php?rest_route=%2Fwp%2Fv2%2Fmedia&parent=455"}],"wp:term":[{"taxonomy":"category","embeddable":true,"href":"http:\/\/www.kapap-czech.cz\/index.php?rest_route=%2Fwp%2Fv2%2Fcategories&post=455"},{"taxonomy":"post_tag","embeddable":true,"href":"http:\/\/www.kapap-czech.cz\/index.php?rest_route=%2Fwp%2Fv2%2Ftags&post=455"}],"curies":[{"name":"wp","href":"https:\/\/api.w.org\/{rel}","templated":true}]}}