{"id":460,"date":"2019-02-26T21:25:19","date_gmt":"2019-02-26T21:25:19","guid":{"rendered":"http:\/\/www.kapap-czech.cz\/?p=460"},"modified":"2019-02-26T21:25:23","modified_gmt":"2019-02-26T21:25:23","slug":"prednaska-na-zs-cirkvice-u-kutne-hory-2622019","status":"publish","type":"post","link":"http:\/\/www.kapap-czech.cz\/?p=460","title":{"rendered":"P\u0159edn\u00e1\u0161ka na Z\u0160 C\u00edrkvice u Kutn\u00e9 Hory (26\/2\/2019)"},"content":{"rendered":"<figure id=\"attachment_459\" aria-describedby=\"caption-attachment-459\" style=\"width: 1024px\" class=\"wp-caption aligncenter\"><a href=\"http:\/\/www.kapap-czech.cz\/wp-content\/uploads\/2019\/02\/190226_zs_cirkvice_web.jpg\"><img loading=\"lazy\" class=\"size-full wp-image-459\" alt=\"Prezentace KAPAP na Z\u0160 C\u00edrkvice u Kutn\u00e9 Hory (26\/2\/2019)\" src=\"http:\/\/www.kapap-czech.cz\/wp-content\/uploads\/2019\/02\/190226_zs_cirkvice_web.jpg\" width=\"1024\" height=\"418\" srcset=\"http:\/\/www.kapap-czech.cz\/wp-content\/uploads\/2019\/02\/190226_zs_cirkvice_web.jpg 1024w, http:\/\/www.kapap-czech.cz\/wp-content\/uploads\/2019\/02\/190226_zs_cirkvice_web-300x122.jpg 300w\" sizes=\"(max-width: 767px) 89vw, (max-width: 1000px) 54vw, (max-width: 1071px) 543px, 580px\" \/><\/a><figcaption id=\"caption-attachment-459\" class=\"wp-caption-text\">Prezentace KAPAP na Z\u0160 C\u00edrkvice u Kutn\u00e9 Hory (26\/2\/2019)<\/figcaption><\/figure>\n<p>V \u00fater\u00fd 26.\u00fanora 2019 jsem byl osloven na doporu\u010den\u00ed pro realizaci p\u0159edn\u00e1\u0161ky na Z\u0160 C\u00edrkvice u Kutn\u00e9 Hory. Pozvala m\u011b \u0161kola, u kter\u00e9 si to vy\u017e\u00e1dali rodi\u010de a d\u011bti.<br \/>\nDorazili jsme do \u0161koly v siln\u00e9m rodinn\u00e9m t\u00fdmu &#8211; j\u00e1, syn Ondra a asistentka Jitka.<\/p>\n<p>Probrali jsme s d\u011btmi a rodi\u010di prevenci napaden\u00ed d\u00edt\u011bte, s Ondrou jsme uk\u00e1zali p\u00e1r technik obrany a pak n\u011bco m\u00e1lo s d\u011btmi secvi\u010dili. Praktickou p\u0159edn\u00e1\u0161ku jsme ukon\u010dili dotazy.<\/p>\n<p>Bylo to p\u0159\u00edjemn\u011b str\u00e1ven\u00e9 odpoledne ve \u0161kole, kde opravdu rodi\u010de, d\u011bti i u\u010ditel\u00e9 tvo\u0159\u00ed jeden t\u00fdm. V takov\u00e9m kolektivu se pracuje velice p\u0159\u00edjemn\u011b a plno v\u011bc\u00ed jde samo.<\/p>\n<p>D\u011bkujeme za pozv\u00e1n\u00ed a t\u011b\u0161\u00edme se na dal\u0161\u00ed mo\u017enou spolupr\u00e1ci se <a title=\"Web Z\u0160 C\u00edrkvice\" href=\"https:\/\/www.zscirkvice.cz\/\">Z\u0160 C\u00edrkvice u Kutn\u00e9 Hory<\/a>. D\u00edky v\u0161em.<\/p>\n","protected":false},"excerpt":{"rendered":"<p>V \u00fater\u00fd 26.\u00fanora 2019 jsem byl osloven na doporu\u010den\u00ed pro realizaci p\u0159edn\u00e1\u0161ky na Z\u0160 C\u00edrkvice u Kutn\u00e9 Hory. Pozvala m\u011b \u0161kola, u kter\u00e9 si to vy\u017e\u00e1dali rodi\u010de a d\u011bti. Dorazili jsme do \u0161koly v siln\u00e9m rodinn\u00e9m t\u00fdmu &#8211; j\u00e1, syn Ondra a asistentka Jitka. Probrali jsme s d\u011btmi a rodi\u010di prevenci napaden\u00ed d\u00edt\u011bte, s Ondrou &hellip; <\/p>\n<p class=\"link-more\"><a href=\"http:\/\/www.kapap-czech.cz\/?p=460\" class=\"more-link\">Pokra\u010dovat ve \u010dten\u00ed<span class=\"screen-reader-text\"> &#8222;P\u0159edn\u00e1\u0161ka na Z\u0160 C\u00edrkvice u Kutn\u00e9 Hory (26\/2\/2019)&#8220;<\/span><\/a><\/p>\n","protected":false},"author":1,"featured_media":0,"comment_status":"closed","ping_status":"closed","sticky":false,"template":"","format":"standard","meta":[],"categories":[1],"tags":[],"aioseo_notices":[],"_links":{"self":[{"href":"http:\/\/www.kapap-czech.cz\/index.php?rest_route=\/wp\/v2\/posts\/460"}],"collection":[{"href":"http:\/\/www.kapap-czech.cz\/index.php?rest_route=\/wp\/v2\/posts"}],"about":[{"href":"http:\/\/www.kapap-czech.cz\/index.php?rest_route=\/wp\/v2\/types\/post"}],"author":[{"embeddable":true,"href":"http:\/\/www.kapap-czech.cz\/index.php?rest_route=\/wp\/v2\/users\/1"}],"replies":[{"embeddable":true,"href":"http:\/\/www.kapap-czech.cz\/index.php?rest_route=%2Fwp%2Fv2%2Fcomments&post=460"}],"version-history":[{"count":1,"href":"http:\/\/www.kapap-czech.cz\/index.php?rest_route=\/wp\/v2\/posts\/460\/revisions"}],"predecessor-version":[{"id":461,"href":"http:\/\/www.kapap-czech.cz\/index.php?rest_route=\/wp\/v2\/posts\/460\/revisions\/461"}],"wp:attachment":[{"href":"http:\/\/www.kapap-czech.cz\/index.php?rest_route=%2Fwp%2Fv2%2Fmedia&parent=460"}],"wp:term":[{"taxonomy":"category","embeddable":true,"href":"http:\/\/www.kapap-czech.cz\/index.php?rest_route=%2Fwp%2Fv2%2Fcategories&post=460"},{"taxonomy":"post_tag","embeddable":true,"href":"http:\/\/www.kapap-czech.cz\/index.php?rest_route=%2Fwp%2Fv2%2Ftags&post=460"}],"curies":[{"name":"wp","href":"https:\/\/api.w.org\/{rel}","templated":true}]}}