{"id":4660,"date":"2026-09-01T08:24:34","date_gmt":"2026-09-01T07:24:34","guid":{"rendered":"https:\/\/www.kapap-czech.cz\/?p=4660"},"modified":"2026-09-01T08:24:36","modified_gmt":"2026-09-01T07:24:36","slug":"nabory-detske-sebeobrany-kapap-kids-2026","status":"publish","type":"post","link":"http:\/\/www.kapap-czech.cz\/?p=4660","title":{"rendered":"N\u00e1bory d\u011btsk\u00e9 sebeobrany KAPAP KIDS 2026"},"content":{"rendered":"\n<p>Ji\u017e 1.9.2026 zahajujeme n\u00e1bory d\u011btsk\u00e9 sebeobrany. Tento rok za\u010dneme na KAPAP Centru v Jihlav\u011b. A pak hur\u00e1 dal\u0161\u00ed lokality. N\u00e1borov\u00fd pl\u00e1n vid\u00edte n\u00ed\u017ee. <\/p>\n\n\n\n<p>Novinkou je otev\u0159en\u00ed d\u011btsk\u00e9 sebeobrany v Bene\u0161ov\u011b a Olomouci. <\/p>\n\n\n\n<p>Na centru v P\u0159\u00edbrami zahajujeme pilotn\u00ed projekt sebeobrany po batolata ve v\u011bku 2-4 roky. Ve \u017dd\u00e1ru nad S\u00e1zavou otev\u00edr\u00e1me po Dob\u0159\u00ed\u0161, Byst\u0159ici n.P. a P\u0159\u00edbrami \u010dtvrtou t\u0159\u00eddu Bojov\u00e9 p\u0159\u00edpravky pro d\u011bti v p\u0159ed\u0161kol\u00e1ky + prvn\u00e1\u010dky ve v\u011bku  4-7 let. Tak\u017ee st\u00e1le rozv\u00edj\u00edme na\u0161e aktivity pro v\u00e1s. <\/p>\n\n\n\n<figure class=\"wp-block-image size-large\"><a href=\"http:\/\/www.kapap-czech.cz\/wp-content\/uploads\/2026\/09\/2609xx_NABORY-KAPAP-KIDS.jpg\"><img loading=\"lazy\" width=\"723\" height=\"1024\" src=\"http:\/\/www.kapap-czech.cz\/wp-content\/uploads\/2026\/09\/2609xx_NABORY-KAPAP-KIDS-723x1024.jpg\" alt=\"N\u00e1bory KAPAP KIDS 2026\" class=\"wp-image-4659\" srcset=\"http:\/\/www.kapap-czech.cz\/wp-content\/uploads\/2026\/09\/2609xx_NABORY-KAPAP-KIDS-723x1024.jpg 723w, http:\/\/www.kapap-czech.cz\/wp-content\/uploads\/2026\/09\/2609xx_NABORY-KAPAP-KIDS-212x300.jpg 212w, http:\/\/www.kapap-czech.cz\/wp-content\/uploads\/2026\/09\/2609xx_NABORY-KAPAP-KIDS.jpg 763w\" sizes=\"(max-width: 723px) 100vw, 723px\" \/><\/a><figcaption>N\u00e1bory KAPAP KIDS 2026<\/figcaption><\/figure>\n","protected":false},"excerpt":{"rendered":"<p>Ji\u017e 1.9.2026 zahajujeme n\u00e1bory d\u011btsk\u00e9 sebeobrany. Tento rok za\u010dneme na KAPAP Centru v Jihlav\u011b. A pak hur\u00e1 dal\u0161\u00ed lokality. N\u00e1borov\u00fd pl\u00e1n vid\u00edte n\u00ed\u017ee. Novinkou je otev\u0159en\u00ed d\u011btsk\u00e9 sebeobrany v Bene\u0161ov\u011b a Olomouci. Na centru v P\u0159\u00edbrami zahajujeme pilotn\u00ed projekt sebeobrany po batolata ve v\u011bku 2-4 roky. Ve \u017dd\u00e1ru nad S\u00e1zavou otev\u00edr\u00e1me po Dob\u0159\u00ed\u0161, Byst\u0159ici n.P. &hellip; <\/p>\n<p class=\"link-more\"><a href=\"http:\/\/www.kapap-czech.cz\/?p=4660\" class=\"more-link\">Pokra\u010dovat ve \u010dten\u00ed<span class=\"screen-reader-text\"> &#8222;N\u00e1bory d\u011btsk\u00e9 sebeobrany KAPAP KIDS 2026&#8220;<\/span><\/a><\/p>\n","protected":false},"author":1,"featured_media":0,"comment_status":"closed","ping_status":"closed","sticky":false,"template":"","format":"standard","meta":[],"categories":[1],"tags":[],"aioseo_notices":[],"_links":{"self":[{"href":"http:\/\/www.kapap-czech.cz\/index.php?rest_route=\/wp\/v2\/posts\/4660"}],"collection":[{"href":"http:\/\/www.kapap-czech.cz\/index.php?rest_route=\/wp\/v2\/posts"}],"about":[{"href":"http:\/\/www.kapap-czech.cz\/index.php?rest_route=\/wp\/v2\/types\/post"}],"author":[{"embeddable":true,"href":"http:\/\/www.kapap-czech.cz\/index.php?rest_route=\/wp\/v2\/users\/1"}],"replies":[{"embeddable":true,"href":"http:\/\/www.kapap-czech.cz\/index.php?rest_route=%2Fwp%2Fv2%2Fcomments&post=4660"}],"version-history":[{"count":1,"href":"http:\/\/www.kapap-czech.cz\/index.php?rest_route=\/wp\/v2\/posts\/4660\/revisions"}],"predecessor-version":[{"id":4661,"href":"http:\/\/www.kapap-czech.cz\/index.php?rest_route=\/wp\/v2\/posts\/4660\/revisions\/4661"}],"wp:attachment":[{"href":"http:\/\/www.kapap-czech.cz\/index.php?rest_route=%2Fwp%2Fv2%2Fmedia&parent=4660"}],"wp:term":[{"taxonomy":"category","embeddable":true,"href":"http:\/\/www.kapap-czech.cz\/index.php?rest_route=%2Fwp%2Fv2%2Fcategories&post=4660"},{"taxonomy":"post_tag","embeddable":true,"href":"http:\/\/www.kapap-czech.cz\/index.php?rest_route=%2Fwp%2Fv2%2Ftags&post=4660"}],"curies":[{"name":"wp","href":"https:\/\/api.w.org\/{rel}","templated":true}]}}