{"id":4662,"date":"2026-09-01T08:39:08","date_gmt":"2026-09-01T07:39:08","guid":{"rendered":"https:\/\/www.kapap-czech.cz\/?p=4662"},"modified":"2026-09-01T08:39:10","modified_gmt":"2026-09-01T07:39:10","slug":"nabory-kapap-czech-slovakia-2026","status":"publish","type":"post","link":"http:\/\/www.kapap-czech.cz\/?p=4662","title":{"rendered":"N\u00e1bory KAPAP CZECH &#038; SLOVAKIA 2026"},"content":{"rendered":"\n<p>N\u00e1bory KAPAP pro ml\u00e1de\u017e a dosp\u011bl\u00e9 zahajujeme v pond\u011bl\u00ed 31\/8\/2026 v nov\u00e9 lokalit\u011b Teplice. A pot\u00e9 jedeme podle n\u00e1sleduj\u00edc\u00edho pl\u00e1nu n\u00ed\u017ee. <\/p>\n\n\n\n<p>Novinkami je otev\u0159en\u00ed lokalit Teplice, Praha, Pelh\u0159imov a slovensk\u00e9ho Tren\u010d\u00edna. <\/p>\n\n\n\n<p> D\u00edky tomu m\u016f\u017eeme zodpov\u011bdn\u011b \u0159\u00edci, \u017ee na\u0161e sebeobrany je opravdu v ka\u017ed\u00e9m kraji \u010cR zastoupena minim\u00e1ln\u011b jednou pobo\u010dkou. <\/p>\n\n\n\n<figure class=\"wp-block-image size-large\"><a href=\"http:\/\/www.kapap-czech.cz\/wp-content\/uploads\/2026\/09\/2609xx_NABORY-KAPAP-DOSPELI.jpg\"><img loading=\"lazy\" width=\"722\" height=\"1024\" src=\"http:\/\/www.kapap-czech.cz\/wp-content\/uploads\/2026\/09\/2609xx_NABORY-KAPAP-DOSPELI-722x1024.jpg\" alt=\"N\u00e1bory KAPAP BASIC 2026\" class=\"wp-image-4658\" srcset=\"http:\/\/www.kapap-czech.cz\/wp-content\/uploads\/2026\/09\/2609xx_NABORY-KAPAP-DOSPELI-722x1024.jpg 722w, http:\/\/www.kapap-czech.cz\/wp-content\/uploads\/2026\/09\/2609xx_NABORY-KAPAP-DOSPELI-212x300.jpg 212w, http:\/\/www.kapap-czech.cz\/wp-content\/uploads\/2026\/09\/2609xx_NABORY-KAPAP-DOSPELI.jpg 761w\" sizes=\"(max-width: 722px) 100vw, 722px\" \/><\/a><figcaption>N\u00e1bory KAPAP BASIC 2026<\/figcaption><\/figure>\n","protected":false},"excerpt":{"rendered":"<p>N\u00e1bory KAPAP pro ml\u00e1de\u017e a dosp\u011bl\u00e9 zahajujeme v pond\u011bl\u00ed 31\/8\/2026 v nov\u00e9 lokalit\u011b Teplice. A pot\u00e9 jedeme podle n\u00e1sleduj\u00edc\u00edho pl\u00e1nu n\u00ed\u017ee. Novinkami je otev\u0159en\u00ed lokalit Teplice, Praha, Pelh\u0159imov a slovensk\u00e9ho Tren\u010d\u00edna. D\u00edky tomu m\u016f\u017eeme zodpov\u011bdn\u011b \u0159\u00edci, \u017ee na\u0161e sebeobrany je opravdu v ka\u017ed\u00e9m kraji \u010cR zastoupena minim\u00e1ln\u011b jednou pobo\u010dkou.<\/p>\n","protected":false},"author":1,"featured_media":0,"comment_status":"closed","ping_status":"closed","sticky":false,"template":"","format":"standard","meta":[],"categories":[1],"tags":[],"aioseo_notices":[],"_links":{"self":[{"href":"http:\/\/www.kapap-czech.cz\/index.php?rest_route=\/wp\/v2\/posts\/4662"}],"collection":[{"href":"http:\/\/www.kapap-czech.cz\/index.php?rest_route=\/wp\/v2\/posts"}],"about":[{"href":"http:\/\/www.kapap-czech.cz\/index.php?rest_route=\/wp\/v2\/types\/post"}],"author":[{"embeddable":true,"href":"http:\/\/www.kapap-czech.cz\/index.php?rest_route=\/wp\/v2\/users\/1"}],"replies":[{"embeddable":true,"href":"http:\/\/www.kapap-czech.cz\/index.php?rest_route=%2Fwp%2Fv2%2Fcomments&post=4662"}],"version-history":[{"count":1,"href":"http:\/\/www.kapap-czech.cz\/index.php?rest_route=\/wp\/v2\/posts\/4662\/revisions"}],"predecessor-version":[{"id":4663,"href":"http:\/\/www.kapap-czech.cz\/index.php?rest_route=\/wp\/v2\/posts\/4662\/revisions\/4663"}],"wp:attachment":[{"href":"http:\/\/www.kapap-czech.cz\/index.php?rest_route=%2Fwp%2Fv2%2Fmedia&parent=4662"}],"wp:term":[{"taxonomy":"category","embeddable":true,"href":"http:\/\/www.kapap-czech.cz\/index.php?rest_route=%2Fwp%2Fv2%2Fcategories&post=4662"},{"taxonomy":"post_tag","embeddable":true,"href":"http:\/\/www.kapap-czech.cz\/index.php?rest_route=%2Fwp%2Fv2%2Ftags&post=4662"}],"curies":[{"name":"wp","href":"https:\/\/api.w.org\/{rel}","templated":true}]}}