{"id":469,"date":"2019-03-10T19:45:42","date_gmt":"2019-03-10T19:45:42","guid":{"rendered":"http:\/\/www.kapap-czech.cz\/?p=469"},"modified":"2019-03-10T19:46:09","modified_gmt":"2019-03-10T19:46:09","slug":"hradec-kralove-seminar-kapap-932019","status":"publish","type":"post","link":"http:\/\/www.kapap-czech.cz\/?p=469","title":{"rendered":"HRADEC KR\u00c1LOV\u00c9: Semin\u00e1\u0159 KAPAP (9\/3\/2019)"},"content":{"rendered":"<figure id=\"attachment_466\" aria-describedby=\"caption-attachment-466\" style=\"width: 1024px\" class=\"wp-caption aligncenter\"><a href=\"http:\/\/www.kapap-czech.cz\/wp-content\/uploads\/2019\/03\/190309_HK_ucastnici_all_web.jpg\"><img loading=\"lazy\" class=\"size-full wp-image-466\" alt=\"Semin\u00e1\u0159 Hradec Kr\u00e1lov\u00e9 (9\/3\/2019)\" src=\"http:\/\/www.kapap-czech.cz\/wp-content\/uploads\/2019\/03\/190309_HK_ucastnici_all_web.jpg\" width=\"1024\" height=\"492\" srcset=\"http:\/\/www.kapap-czech.cz\/wp-content\/uploads\/2019\/03\/190309_HK_ucastnici_all_web.jpg 1024w, http:\/\/www.kapap-czech.cz\/wp-content\/uploads\/2019\/03\/190309_HK_ucastnici_all_web-300x144.jpg 300w\" sizes=\"(max-width: 767px) 89vw, (max-width: 1000px) 54vw, (max-width: 1071px) 543px, 580px\" \/><\/a><figcaption id=\"caption-attachment-466\" class=\"wp-caption-text\">Semin\u00e1\u0159 Hradec Kr\u00e1lov\u00e9 (9\/3\/2019)<\/figcaption><\/figure>\n<p>V sobotu 9.3.2019 prob\u011bhl ve v\u00fdchodo\u010desk\u00e9 metropoli skv\u011bl\u00fd semin\u00e1\u0159 KAPAP pod veden\u00edm hlavn\u00edho tren\u00e9ra Michala Janou\u0161ka (Mike).<br \/>\nT\u0159\u00edhodinov\u00fd semin\u00e1\u0159 byl rozd\u011blen do t\u0159\u00ed hodinov\u00fdch blok\u016f.<br \/>\nPrvn\u00ed hodinu se cvi\u010dili z\u00e1kladn\u00ed \u00fadery a kryty, pot\u00e9 jejich aplikace.<br \/>\nDruhou hodinu jsme se dostali k technick\u00fdm \u0159e\u0161en\u00edm typizovan\u00fdch \u00fatok\u016f a uk\u00e1zali si n\u011bkolik napaden\u00ed a jak je izraelsk\u00fd KAPAP \u0159e\u0161\u00ed.<br \/>\nPosledn\u00ed t\u0159et\u00ed hodinu jsme zakon\u010dili obranou proti 4 nej\u010dast\u011bj\u0161\u00edm \u00fatok\u016fm no\u017eem na ulici.<br \/>\nSemin\u00e1\u0159e se z\u00fa\u010dastnili jak na\u0161i cvi\u010denci z V\u00fdchodn\u00edch \u010cech, tak nov\u00fd z\u00e1jemci o cvi\u010den\u00ed u n\u00e1s. D\u011bkujeme v\u0161em za super tr\u00e9nink a skv\u011bl\u00e9 nasazen\u00ed. T\u011b\u0161\u00edm se, a\u017e potk\u00e1m tuto parti\u010dku zase p\u0159\u00ed\u0161t\u011b &#8211; moc se mi to s nimi l\u00edbilo a bavilo m\u011b to. D\u011bkuji za semin\u00e1\u0159, p\u0159\u00e1tel\u00e9.<\/p>\n<div>\n<p>Instruktor Mike<\/p>\n<\/div>\n","protected":false},"excerpt":{"rendered":"<p>V sobotu 9.3.2019 prob\u011bhl ve v\u00fdchodo\u010desk\u00e9 metropoli skv\u011bl\u00fd semin\u00e1\u0159 KAPAP pod veden\u00edm hlavn\u00edho tren\u00e9ra Michala Janou\u0161ka (Mike). T\u0159\u00edhodinov\u00fd semin\u00e1\u0159 byl rozd\u011blen do t\u0159\u00ed hodinov\u00fdch blok\u016f. Prvn\u00ed hodinu se cvi\u010dili z\u00e1kladn\u00ed \u00fadery a kryty, pot\u00e9 jejich aplikace. Druhou hodinu jsme se dostali k technick\u00fdm \u0159e\u0161en\u00edm typizovan\u00fdch \u00fatok\u016f a uk\u00e1zali si n\u011bkolik napaden\u00ed a jak je izraelsk\u00fd &hellip; <\/p>\n<p class=\"link-more\"><a href=\"http:\/\/www.kapap-czech.cz\/?p=469\" class=\"more-link\">Pokra\u010dovat ve \u010dten\u00ed<span class=\"screen-reader-text\"> &#8222;HRADEC KR\u00c1LOV\u00c9: Semin\u00e1\u0159 KAPAP (9\/3\/2019)&#8220;<\/span><\/a><\/p>\n","protected":false},"author":1,"featured_media":0,"comment_status":"closed","ping_status":"closed","sticky":false,"template":"","format":"standard","meta":[],"categories":[3],"tags":[],"aioseo_notices":[],"_links":{"self":[{"href":"http:\/\/www.kapap-czech.cz\/index.php?rest_route=\/wp\/v2\/posts\/469"}],"collection":[{"href":"http:\/\/www.kapap-czech.cz\/index.php?rest_route=\/wp\/v2\/posts"}],"about":[{"href":"http:\/\/www.kapap-czech.cz\/index.php?rest_route=\/wp\/v2\/types\/post"}],"author":[{"embeddable":true,"href":"http:\/\/www.kapap-czech.cz\/index.php?rest_route=\/wp\/v2\/users\/1"}],"replies":[{"embeddable":true,"href":"http:\/\/www.kapap-czech.cz\/index.php?rest_route=%2Fwp%2Fv2%2Fcomments&post=469"}],"version-history":[{"count":1,"href":"http:\/\/www.kapap-czech.cz\/index.php?rest_route=\/wp\/v2\/posts\/469\/revisions"}],"predecessor-version":[{"id":470,"href":"http:\/\/www.kapap-czech.cz\/index.php?rest_route=\/wp\/v2\/posts\/469\/revisions\/470"}],"wp:attachment":[{"href":"http:\/\/www.kapap-czech.cz\/index.php?rest_route=%2Fwp%2Fv2%2Fmedia&parent=469"}],"wp:term":[{"taxonomy":"category","embeddable":true,"href":"http:\/\/www.kapap-czech.cz\/index.php?rest_route=%2Fwp%2Fv2%2Fcategories&post=469"},{"taxonomy":"post_tag","embeddable":true,"href":"http:\/\/www.kapap-czech.cz\/index.php?rest_route=%2Fwp%2Fv2%2Ftags&post=469"}],"curies":[{"name":"wp","href":"https:\/\/api.w.org\/{rel}","templated":true}]}}