{"id":472,"date":"2019-03-10T19:49:34","date_gmt":"2019-03-10T19:49:34","guid":{"rendered":"http:\/\/www.kapap-czech.cz\/?p=472"},"modified":"2019-03-10T19:49:43","modified_gmt":"2019-03-10T19:49:43","slug":"vyroci-povstani-tibetskeho-lidu-10-brezna","status":"publish","type":"post","link":"http:\/\/www.kapap-czech.cz\/?p=472","title":{"rendered":"V\u00fdro\u010d\u00ed povst\u00e1n\u00ed tibetsk\u00e9ho lidu (10.b\u0159ezna)"},"content":{"rendered":"<figure id=\"attachment_471\" aria-describedby=\"caption-attachment-471\" style=\"width: 300px\" class=\"wp-caption alignleft\"><a href=\"http:\/\/www.kapap-czech.cz\/wp-content\/uploads\/2019\/03\/190310_vlajka_pro_tibet.jpg\"><img loading=\"lazy\" class=\"size-medium wp-image-471\" alt=\"Vlajka pro Tibet (10\/3\/2019)\" src=\"http:\/\/www.kapap-czech.cz\/wp-content\/uploads\/2019\/03\/190310_vlajka_pro_tibet-300x178.jpg\" width=\"300\" height=\"178\" srcset=\"http:\/\/www.kapap-czech.cz\/wp-content\/uploads\/2019\/03\/190310_vlajka_pro_tibet-300x178.jpg 300w, http:\/\/www.kapap-czech.cz\/wp-content\/uploads\/2019\/03\/190310_vlajka_pro_tibet.jpg 850w\" sizes=\"(max-width: 300px) 100vw, 300px\" \/><\/a><figcaption id=\"caption-attachment-471\" class=\"wp-caption-text\">Vlajka pro Tibet (10\/3\/2019)<\/figcaption><\/figure>\n<p>Dnes to je p\u0159es 60. let od hrdinn\u00e9ho povst\u00e1n\u00ed tibetsk\u00e9ho lidu proti \u010d\u00ednsk\u00e9 nadvl\u00e1d\u011b (10. b\u0159ezna 1959). Povst\u00e1n\u00ed bylo krvav\u011b potla\u010deno a zem\u0159elo p\u0159i n\u011bm na 80.000 Tibe\u0165an\u016f.Dalajl\u00e1ma od t\u00e9 doby pob\u00fdv\u00e1 v exilu v indick\u00e9 Dharmasale.<\/p>\n<p>\u010c\u00edna po tomto aktu zoufal\u00e9ho odporu zah\u00e1jila masivn\u00ed &#8222;modernizaci a kulturn\u00ed revoluci Tibetu&#8220;.<\/p>\n<p>A po vzoru tich\u00e9 klidn\u00e9 podpory vyv\u011b\u0161uj\u00ed st\u00e1ty, m\u011bsta a lid\u00e9 ka\u017ed\u00fdm rokem na v\u00fdro\u010d\u00ed 10.b\u0159ezna solid\u00e1rn\u011b tibetskou vlajku &#8211; vlajku zem\u011b neoby\u010dejn\u00e9ho kulturn\u00edho a duchovn\u00edho d\u011bdictv\u00ed, kter\u00e9 ov\u0161em bylo barbarsky po\u0161lap\u00e1no. Souc\u00edt\u00edme s Tibetem a odkazem tibetsk\u00e9ho lidu.<\/p>\n","protected":false},"excerpt":{"rendered":"<p>Dnes to je p\u0159es 60. let od hrdinn\u00e9ho povst\u00e1n\u00ed tibetsk\u00e9ho lidu proti \u010d\u00ednsk\u00e9 nadvl\u00e1d\u011b (10. b\u0159ezna 1959). Povst\u00e1n\u00ed bylo krvav\u011b potla\u010deno a zem\u0159elo p\u0159i n\u011bm na 80.000 Tibe\u0165an\u016f.Dalajl\u00e1ma od t\u00e9 doby pob\u00fdv\u00e1 v exilu v indick\u00e9 Dharmasale. \u010c\u00edna po tomto aktu zoufal\u00e9ho odporu zah\u00e1jila masivn\u00ed &#8222;modernizaci a kulturn\u00ed revoluci Tibetu&#8220;. A po vzoru tich\u00e9 klidn\u00e9 &hellip; <\/p>\n<p class=\"link-more\"><a href=\"http:\/\/www.kapap-czech.cz\/?p=472\" class=\"more-link\">Pokra\u010dovat ve \u010dten\u00ed<span class=\"screen-reader-text\"> &#8222;V\u00fdro\u010d\u00ed povst\u00e1n\u00ed tibetsk\u00e9ho lidu (10.b\u0159ezna)&#8220;<\/span><\/a><\/p>\n","protected":false},"author":1,"featured_media":0,"comment_status":"closed","ping_status":"closed","sticky":false,"template":"","format":"standard","meta":[],"categories":[3],"tags":[],"aioseo_notices":[],"_links":{"self":[{"href":"http:\/\/www.kapap-czech.cz\/index.php?rest_route=\/wp\/v2\/posts\/472"}],"collection":[{"href":"http:\/\/www.kapap-czech.cz\/index.php?rest_route=\/wp\/v2\/posts"}],"about":[{"href":"http:\/\/www.kapap-czech.cz\/index.php?rest_route=\/wp\/v2\/types\/post"}],"author":[{"embeddable":true,"href":"http:\/\/www.kapap-czech.cz\/index.php?rest_route=\/wp\/v2\/users\/1"}],"replies":[{"embeddable":true,"href":"http:\/\/www.kapap-czech.cz\/index.php?rest_route=%2Fwp%2Fv2%2Fcomments&post=472"}],"version-history":[{"count":2,"href":"http:\/\/www.kapap-czech.cz\/index.php?rest_route=\/wp\/v2\/posts\/472\/revisions"}],"predecessor-version":[{"id":474,"href":"http:\/\/www.kapap-czech.cz\/index.php?rest_route=\/wp\/v2\/posts\/472\/revisions\/474"}],"wp:attachment":[{"href":"http:\/\/www.kapap-czech.cz\/index.php?rest_route=%2Fwp%2Fv2%2Fmedia&parent=472"}],"wp:term":[{"taxonomy":"category","embeddable":true,"href":"http:\/\/www.kapap-czech.cz\/index.php?rest_route=%2Fwp%2Fv2%2Fcategories&post=472"},{"taxonomy":"post_tag","embeddable":true,"href":"http:\/\/www.kapap-czech.cz\/index.php?rest_route=%2Fwp%2Fv2%2Ftags&post=472"}],"curies":[{"name":"wp","href":"https:\/\/api.w.org\/{rel}","templated":true}]}}