{"id":509,"date":"2019-04-17T06:18:57","date_gmt":"2019-04-17T06:18:57","guid":{"rendered":"http:\/\/www.kapap-czech.cz\/?p=509"},"modified":"2019-04-17T06:18:57","modified_gmt":"2019-04-17T06:18:57","slug":"dobris-vycvik-deti-projektu-deti-bez-mobilu-1642019","status":"publish","type":"post","link":"http:\/\/www.kapap-czech.cz\/?p=509","title":{"rendered":"DOB\u0158\u00cd\u0160: V\u00fdcvik d\u011bti projektu D\u011bti bez mobilu (16\/4\/2019)"},"content":{"rendered":"<figure id=\"attachment_508\" aria-describedby=\"caption-attachment-508\" style=\"width: 718px\" class=\"wp-caption aligncenter\"><a href=\"http:\/\/www.kapap-czech.cz\/wp-content\/uploads\/2019\/04\/190416_dobris_deti_bez_mobilu.jpg\"><img loading=\"lazy\" class=\"size-full wp-image-508\" alt=\"DOB\u0158\u00cd\u0160: V\u00fdcvik d\u011bti projektu D\u011bti bez mobilu (16\/4\/2019)\" src=\"http:\/\/www.kapap-czech.cz\/wp-content\/uploads\/2019\/04\/190416_dobris_deti_bez_mobilu.jpg\" width=\"718\" height=\"374\" srcset=\"http:\/\/www.kapap-czech.cz\/wp-content\/uploads\/2019\/04\/190416_dobris_deti_bez_mobilu.jpg 718w, http:\/\/www.kapap-czech.cz\/wp-content\/uploads\/2019\/04\/190416_dobris_deti_bez_mobilu-300x156.jpg 300w\" sizes=\"(max-width: 718px) 100vw, 718px\" \/><\/a><figcaption id=\"caption-attachment-508\" class=\"wp-caption-text\">DOB\u0158\u00cd\u0160: V\u00fdcvik d\u011bti projektu D\u011bti bez mobilu (16\/4\/2019)<\/figcaption><\/figure>\n<p>Dnes jsem se v\u011bnoval d\u011btem z projektu D\u011bti bez mobilu. Super p\u0159\u00edjemn\u00ed organiz\u00e1to\u0159i a nad\u0161en\u00e9 d\u011bti. D\u011bkuji v\u0161em, bylo to p\u0159\u00edjemn\u00e9 cvi\u010den\u00ed v dob\u0159\u00ed\u0161sk\u00e9m parku. A odm\u011bnu za cvi\u010den\u00ed jsem dostal v natur\u00e1li\u00edch &#8211; kr\u00e1sn\u00fd \u010dokol\u00e1dovo-jahodov\u00fd dort. D\u011bkuji za n\u011bj i za pozv\u00e1n\u00ed od V\u011bra Frkov\u00e1-Kakosov\u00e1.<\/p>\n","protected":false},"excerpt":{"rendered":"<p>Dnes jsem se v\u011bnoval d\u011btem z projektu D\u011bti bez mobilu. Super p\u0159\u00edjemn\u00ed organiz\u00e1to\u0159i a nad\u0161en\u00e9 d\u011bti. D\u011bkuji v\u0161em, bylo to p\u0159\u00edjemn\u00e9 cvi\u010den\u00ed v dob\u0159\u00ed\u0161sk\u00e9m parku. A odm\u011bnu za cvi\u010den\u00ed jsem dostal v natur\u00e1li\u00edch &#8211; kr\u00e1sn\u00fd \u010dokol\u00e1dovo-jahodov\u00fd dort. D\u011bkuji za n\u011bj i za pozv\u00e1n\u00ed od V\u011bra Frkov\u00e1-Kakosov\u00e1.<\/p>\n","protected":false},"author":1,"featured_media":0,"comment_status":"closed","ping_status":"closed","sticky":false,"template":"","format":"standard","meta":[],"categories":[3],"tags":[],"aioseo_notices":[],"_links":{"self":[{"href":"http:\/\/www.kapap-czech.cz\/index.php?rest_route=\/wp\/v2\/posts\/509"}],"collection":[{"href":"http:\/\/www.kapap-czech.cz\/index.php?rest_route=\/wp\/v2\/posts"}],"about":[{"href":"http:\/\/www.kapap-czech.cz\/index.php?rest_route=\/wp\/v2\/types\/post"}],"author":[{"embeddable":true,"href":"http:\/\/www.kapap-czech.cz\/index.php?rest_route=\/wp\/v2\/users\/1"}],"replies":[{"embeddable":true,"href":"http:\/\/www.kapap-czech.cz\/index.php?rest_route=%2Fwp%2Fv2%2Fcomments&post=509"}],"version-history":[{"count":1,"href":"http:\/\/www.kapap-czech.cz\/index.php?rest_route=\/wp\/v2\/posts\/509\/revisions"}],"predecessor-version":[{"id":510,"href":"http:\/\/www.kapap-czech.cz\/index.php?rest_route=\/wp\/v2\/posts\/509\/revisions\/510"}],"wp:attachment":[{"href":"http:\/\/www.kapap-czech.cz\/index.php?rest_route=%2Fwp%2Fv2%2Fmedia&parent=509"}],"wp:term":[{"taxonomy":"category","embeddable":true,"href":"http:\/\/www.kapap-czech.cz\/index.php?rest_route=%2Fwp%2Fv2%2Fcategories&post=509"},{"taxonomy":"post_tag","embeddable":true,"href":"http:\/\/www.kapap-czech.cz\/index.php?rest_route=%2Fwp%2Fv2%2Ftags&post=509"}],"curies":[{"name":"wp","href":"https:\/\/api.w.org\/{rel}","templated":true}]}}