{"id":513,"date":"2019-04-28T19:28:22","date_gmt":"2019-04-28T19:28:22","guid":{"rendered":"http:\/\/www.kapap-czech.cz\/?p=513"},"modified":"2019-04-28T19:28:22","modified_gmt":"2019-04-28T19:28:22","slug":"milevsko-propagacni-seminar-kapap-2742019","status":"publish","type":"post","link":"http:\/\/www.kapap-czech.cz\/?p=513","title":{"rendered":"MILEVSKO: Propaga\u010dn\u00ed semin\u00e1\u0159 KAPAP (27\/4\/2019)"},"content":{"rendered":"<figure id=\"attachment_512\" aria-describedby=\"caption-attachment-512\" style=\"width: 1024px\" class=\"wp-caption aligncenter\"><a href=\"http:\/\/www.kapap-czech.cz\/wp-content\/uploads\/2019\/04\/190427_milevsko_all.jpg\"><img loading=\"lazy\" class=\"size-full wp-image-512\" alt=\"MILEVSKO: Propaga\u010dn\u00ed semin\u00e1\u0159 KAPAP (27\/4\/2019)\" src=\"http:\/\/www.kapap-czech.cz\/wp-content\/uploads\/2019\/04\/190427_milevsko_all.jpg\" width=\"1024\" height=\"416\" srcset=\"http:\/\/www.kapap-czech.cz\/wp-content\/uploads\/2019\/04\/190427_milevsko_all.jpg 1024w, http:\/\/www.kapap-czech.cz\/wp-content\/uploads\/2019\/04\/190427_milevsko_all-300x121.jpg 300w\" sizes=\"(max-width: 767px) 89vw, (max-width: 1000px) 54vw, (max-width: 1071px) 543px, 580px\" \/><\/a><figcaption id=\"caption-attachment-512\" class=\"wp-caption-text\">MILEVSKO: Propaga\u010dn\u00ed semin\u00e1\u0159 KAPAP (27\/4\/2019)<\/figcaption><\/figure>\n<p>V sobotu 27.4.2019 jsme vyu\u017eili nab\u00eddky Gladiator Gym v Milevsku a dojeli jsme jim tam ud\u011blat semin\u00e1\u0159 na\u0161\u00ed izraelsk\u00e9 sebeobrany Krav Maga &amp; KAPAP. K na\u0161emu p\u0159ekvapen\u00ed se nakonec se\u0161lo v desetitis\u00edcov\u00e9m Milevsku na 25 z\u00e1jemc\u016f o n\u00e1\u0161 semin\u00e1\u0159, co\u017e mile p\u0159ekvapilo.<br \/>\nJeliko\u017e se jednalo o dvouhodinov\u00fd propaga\u010dn\u00ed semin\u00e1\u0159, obsahem prvn\u00ed hodiny byly aplikace obrany proti \u00fatok\u016fm beze zbran\u011b, druh\u00e1 p\u016flka pak obrana proti no\u017ei.<br \/>\nD\u011bkujeme za organizaci a propagaci akce ze strany na\u0161eho p\u00edseck\u00e9ho tren\u00e9ra Petra Bure\u0161e a poskytnut\u00ed prostor k v\u00fdcviku ze strany Gladiator Gym a Filipa Mola. D\u00edky mnohokr\u00e1te.<\/p>\n","protected":false},"excerpt":{"rendered":"<p>V sobotu 27.4.2019 jsme vyu\u017eili nab\u00eddky Gladiator Gym v Milevsku a dojeli jsme jim tam ud\u011blat semin\u00e1\u0159 na\u0161\u00ed izraelsk\u00e9 sebeobrany Krav Maga &amp; KAPAP. K na\u0161emu p\u0159ekvapen\u00ed se nakonec se\u0161lo v desetitis\u00edcov\u00e9m Milevsku na 25 z\u00e1jemc\u016f o n\u00e1\u0161 semin\u00e1\u0159, co\u017e mile p\u0159ekvapilo. Jeliko\u017e se jednalo o dvouhodinov\u00fd propaga\u010dn\u00ed semin\u00e1\u0159, obsahem prvn\u00ed hodiny byly aplikace obrany &hellip; <\/p>\n<p class=\"link-more\"><a href=\"http:\/\/www.kapap-czech.cz\/?p=513\" class=\"more-link\">Pokra\u010dovat ve \u010dten\u00ed<span class=\"screen-reader-text\"> &#8222;MILEVSKO: Propaga\u010dn\u00ed semin\u00e1\u0159 KAPAP (27\/4\/2019)&#8220;<\/span><\/a><\/p>\n","protected":false},"author":1,"featured_media":0,"comment_status":"closed","ping_status":"closed","sticky":false,"template":"","format":"standard","meta":[],"categories":[3],"tags":[],"aioseo_notices":[],"_links":{"self":[{"href":"http:\/\/www.kapap-czech.cz\/index.php?rest_route=\/wp\/v2\/posts\/513"}],"collection":[{"href":"http:\/\/www.kapap-czech.cz\/index.php?rest_route=\/wp\/v2\/posts"}],"about":[{"href":"http:\/\/www.kapap-czech.cz\/index.php?rest_route=\/wp\/v2\/types\/post"}],"author":[{"embeddable":true,"href":"http:\/\/www.kapap-czech.cz\/index.php?rest_route=\/wp\/v2\/users\/1"}],"replies":[{"embeddable":true,"href":"http:\/\/www.kapap-czech.cz\/index.php?rest_route=%2Fwp%2Fv2%2Fcomments&post=513"}],"version-history":[{"count":1,"href":"http:\/\/www.kapap-czech.cz\/index.php?rest_route=\/wp\/v2\/posts\/513\/revisions"}],"predecessor-version":[{"id":514,"href":"http:\/\/www.kapap-czech.cz\/index.php?rest_route=\/wp\/v2\/posts\/513\/revisions\/514"}],"wp:attachment":[{"href":"http:\/\/www.kapap-czech.cz\/index.php?rest_route=%2Fwp%2Fv2%2Fmedia&parent=513"}],"wp:term":[{"taxonomy":"category","embeddable":true,"href":"http:\/\/www.kapap-czech.cz\/index.php?rest_route=%2Fwp%2Fv2%2Fcategories&post=513"},{"taxonomy":"post_tag","embeddable":true,"href":"http:\/\/www.kapap-czech.cz\/index.php?rest_route=%2Fwp%2Fv2%2Ftags&post=513"}],"curies":[{"name":"wp","href":"https:\/\/api.w.org\/{rel}","templated":true}]}}