{"id":520,"date":"2019-05-04T16:58:20","date_gmt":"2019-05-04T16:58:20","guid":{"rendered":"http:\/\/www.kapap-czech.cz\/?p=520"},"modified":"2019-05-04T16:58:20","modified_gmt":"2019-05-04T16:58:20","slug":"%ef%bb%bfcheb-kurz-sebeobrany-zen-kapap-czech-452019","status":"publish","type":"post","link":"http:\/\/www.kapap-czech.cz\/?p=520","title":{"rendered":"\ufeffCHEB: Kurz sebeobrany \u017een KAPAP CZECH (4\/5\/2019)"},"content":{"rendered":"<figure id=\"attachment_519\" aria-describedby=\"caption-attachment-519\" style=\"width: 1024px\" class=\"wp-caption aligncenter\"><a href=\"http:\/\/www.kapap-czech.cz\/wp-content\/uploads\/2019\/05\/190504_cheb_woman_all_web.jpg\"><img loading=\"lazy\" class=\"size-full wp-image-519\" alt=\"CHEB: Kurz sebeobrany \u017een KAPAP CZECH (4\/5\/2019)\" src=\"http:\/\/www.kapap-czech.cz\/wp-content\/uploads\/2019\/05\/190504_cheb_woman_all_web.jpg\" width=\"1024\" height=\"449\" srcset=\"http:\/\/www.kapap-czech.cz\/wp-content\/uploads\/2019\/05\/190504_cheb_woman_all_web.jpg 1024w, http:\/\/www.kapap-czech.cz\/wp-content\/uploads\/2019\/05\/190504_cheb_woman_all_web-300x131.jpg 300w\" sizes=\"(max-width: 767px) 89vw, (max-width: 1000px) 54vw, (max-width: 1071px) 543px, 580px\" \/><\/a><figcaption id=\"caption-attachment-519\" class=\"wp-caption-text\">CHEB: Kurz sebeobrany \u017een KAPAP CZECH (4\/5\/2019)<\/figcaption><\/figure>\n<p>V sobotu 4.5.2019 prob\u011bhl v Chebsk\u00e9 t\u011blocvi\u010dn\u011b na P\u00edse\u010dn\u00e9 2 prvn\u00ed kurz sebeobrany \u017een dle konceptu KAPAP CZECH, kter\u00fd byl pro v\u0161echny \u00fa\u010dastnice zcela zdarma.<br \/>\nZ\u00fa\u010dastnilo se 20 \u00fa\u010dastnic, kter\u00e9 se 2 hodiny \u0161kolily v z\u00e1kladn\u00edch principech a specifik\u00e1ch \u017eensk\u00e9 sebeobrany. Rozbili jsme n\u011bkolik typick\u00fdch m\u00fdt\u016f kolem toho, jak se m\u00e1 \u017eena br\u00e1nit a nau\u010dili se n\u011bkolik princip\u016f a reflex\u016f, kter\u00e9 mohou \u017een\u011b pomoci p\u0159i napaden\u00ed.<br \/>\nKurz vedl p\u0159\u00edmo hlavn\u00ed tren\u00e9r celorepublikov\u00e9 s\u00edt\u011b \u0161kol izraelsk\u00e9 sebeobrany KAPAP CZECH &#8211; Michal Janou\u0161ek alias instruktor Mike, kter\u00fd \u017eije ve st\u0159edo\u010desk\u00e9 Dob\u0159\u00ed\u0161i a do Chebu to m\u00e1 180 km. Jeho pravou rukou byl tren\u00e9r chebsk\u00e9 pobo\u010dky KAPAP CZECH &#8211; Michal Mar\u0161oun. Figuranty tvo\u0159ili 4 na\u0161i nad\u0161en\u00ed cvi\u010denci.<br \/>\nD\u011bkujeme za pr\u00e1ci v\u0161ech, d\u00edky za nasazen\u00ed \u00fa\u010dastnic a t\u011b\u0161\u00edme se na setk\u00e1n\u00ed na dal\u0161\u00ed akci KAPAP CZECH.<\/p>\n","protected":false},"excerpt":{"rendered":"<p>V sobotu 4.5.2019 prob\u011bhl v Chebsk\u00e9 t\u011blocvi\u010dn\u011b na P\u00edse\u010dn\u00e9 2 prvn\u00ed kurz sebeobrany \u017een dle konceptu KAPAP CZECH, kter\u00fd byl pro v\u0161echny \u00fa\u010dastnice zcela zdarma. Z\u00fa\u010dastnilo se 20 \u00fa\u010dastnic, kter\u00e9 se 2 hodiny \u0161kolily v z\u00e1kladn\u00edch principech a specifik\u00e1ch \u017eensk\u00e9 sebeobrany. Rozbili jsme n\u011bkolik typick\u00fdch m\u00fdt\u016f kolem toho, jak se m\u00e1 \u017eena br\u00e1nit a nau\u010dili &hellip; <\/p>\n<p class=\"link-more\"><a href=\"http:\/\/www.kapap-czech.cz\/?p=520\" class=\"more-link\">Pokra\u010dovat ve \u010dten\u00ed<span class=\"screen-reader-text\"> &#8222;\ufeffCHEB: Kurz sebeobrany \u017een KAPAP CZECH (4\/5\/2019)&#8220;<\/span><\/a><\/p>\n","protected":false},"author":1,"featured_media":0,"comment_status":"closed","ping_status":"closed","sticky":false,"template":"","format":"standard","meta":[],"categories":[3],"tags":[],"aioseo_notices":[],"_links":{"self":[{"href":"http:\/\/www.kapap-czech.cz\/index.php?rest_route=\/wp\/v2\/posts\/520"}],"collection":[{"href":"http:\/\/www.kapap-czech.cz\/index.php?rest_route=\/wp\/v2\/posts"}],"about":[{"href":"http:\/\/www.kapap-czech.cz\/index.php?rest_route=\/wp\/v2\/types\/post"}],"author":[{"embeddable":true,"href":"http:\/\/www.kapap-czech.cz\/index.php?rest_route=\/wp\/v2\/users\/1"}],"replies":[{"embeddable":true,"href":"http:\/\/www.kapap-czech.cz\/index.php?rest_route=%2Fwp%2Fv2%2Fcomments&post=520"}],"version-history":[{"count":1,"href":"http:\/\/www.kapap-czech.cz\/index.php?rest_route=\/wp\/v2\/posts\/520\/revisions"}],"predecessor-version":[{"id":521,"href":"http:\/\/www.kapap-czech.cz\/index.php?rest_route=\/wp\/v2\/posts\/520\/revisions\/521"}],"wp:attachment":[{"href":"http:\/\/www.kapap-czech.cz\/index.php?rest_route=%2Fwp%2Fv2%2Fmedia&parent=520"}],"wp:term":[{"taxonomy":"category","embeddable":true,"href":"http:\/\/www.kapap-czech.cz\/index.php?rest_route=%2Fwp%2Fv2%2Fcategories&post=520"},{"taxonomy":"post_tag","embeddable":true,"href":"http:\/\/www.kapap-czech.cz\/index.php?rest_route=%2Fwp%2Fv2%2Ftags&post=520"}],"curies":[{"name":"wp","href":"https:\/\/api.w.org\/{rel}","templated":true}]}}