{"id":525,"date":"2019-05-15T11:00:13","date_gmt":"2019-05-15T11:00:13","guid":{"rendered":"http:\/\/www.kapap-czech.cz\/?p=525"},"modified":"2019-05-15T11:01:02","modified_gmt":"2019-05-15T11:01:02","slug":"prezentace-kapap-czech-ve-zlonicich-852019","status":"publish","type":"post","link":"http:\/\/www.kapap-czech.cz\/?p=525","title":{"rendered":"Prezentace KAPAP CZECH ve Zlonic\u00edch (8\/5\/2019)"},"content":{"rendered":"<figure id=\"attachment_523\" aria-describedby=\"caption-attachment-523\" style=\"width: 1024px\" class=\"wp-caption aligncenter\"><a href=\"http:\/\/www.kapap-czech.cz\/wp-content\/uploads\/2019\/05\/190508_zlonice_prezentace2.jpg\"><img loading=\"lazy\" class=\"size-full wp-image-523\" alt=\"Uk\u00e1zka KAPAP CZECH na slavnostech m\u011bsta Zlonice (8\/5\/2019)\" src=\"http:\/\/www.kapap-czech.cz\/wp-content\/uploads\/2019\/05\/190508_zlonice_prezentace2.jpg\" width=\"1024\" height=\"507\" srcset=\"http:\/\/www.kapap-czech.cz\/wp-content\/uploads\/2019\/05\/190508_zlonice_prezentace2.jpg 1024w, http:\/\/www.kapap-czech.cz\/wp-content\/uploads\/2019\/05\/190508_zlonice_prezentace2-300x148.jpg 300w\" sizes=\"(max-width: 767px) 89vw, (max-width: 1000px) 54vw, (max-width: 1071px) 543px, 580px\" \/><\/a><figcaption id=\"caption-attachment-523\" class=\"wp-caption-text\">Uk\u00e1zka KAPAP CZECH na slavnostech m\u011bsta Zlonice (8\/5\/2019)<\/figcaption><\/figure>\n<p>Ve st\u0159edu 8.5.2019 prob\u011bhly ve st\u0159edo\u010desk\u00e9m m\u011bstysu Zlonice (okres Kladno) 7.m\u011bstsk\u00e9 slavnosti. A pozv\u00e1nku dostala i na\u0161e KAPAP CZECH skupina ze Slan\u00e9ho, kter\u00e1 pod veden\u00edm instruktor\u016f Miry Kunsta a Ale\u0161e Koub\u00edka prezentovala KAPAP CZECH jak skrze tradi\u010dn\u00ed st\u00e1nek, tak i ve\u0159ejnou uk\u00e1zku izraelsk\u00e9 sebeobrany. D\u011bkujeme t\u00edmto na\u0161im instruktor\u016fm i cvi\u010denc\u016fm za super prezentaci.<\/p>\n<figure id=\"attachment_524\" aria-describedby=\"caption-attachment-524\" style=\"width: 1024px\" class=\"wp-caption aligncenter\"><a href=\"http:\/\/www.kapap-czech.cz\/wp-content\/uploads\/2019\/05\/190508_zlonice_prezentace.jpg\"><img loading=\"lazy\" class=\"size-full wp-image-524\" alt=\"Uk\u00e1zka KAPAP CZECH na slavnostech m\u011bsta Zlonice (8\/5\/2019)\" src=\"http:\/\/www.kapap-czech.cz\/wp-content\/uploads\/2019\/05\/190508_zlonice_prezentace.jpg\" width=\"1024\" height=\"666\" srcset=\"http:\/\/www.kapap-czech.cz\/wp-content\/uploads\/2019\/05\/190508_zlonice_prezentace.jpg 1024w, http:\/\/www.kapap-czech.cz\/wp-content\/uploads\/2019\/05\/190508_zlonice_prezentace-300x195.jpg 300w\" sizes=\"(max-width: 767px) 89vw, (max-width: 1000px) 54vw, (max-width: 1071px) 543px, 580px\" \/><\/a><figcaption id=\"caption-attachment-524\" class=\"wp-caption-text\">Uk\u00e1zka KAPAP CZECH na slavnostech m\u011bsta Zlonice (8\/5\/2019)<\/figcaption><\/figure>\n","protected":false},"excerpt":{"rendered":"<p>Ve st\u0159edu 8.5.2019 prob\u011bhly ve st\u0159edo\u010desk\u00e9m m\u011bstysu Zlonice (okres Kladno) 7.m\u011bstsk\u00e9 slavnosti. A pozv\u00e1nku dostala i na\u0161e KAPAP CZECH skupina ze Slan\u00e9ho, kter\u00e1 pod veden\u00edm instruktor\u016f Miry Kunsta a Ale\u0161e Koub\u00edka prezentovala KAPAP CZECH jak skrze tradi\u010dn\u00ed st\u00e1nek, tak i ve\u0159ejnou uk\u00e1zku izraelsk\u00e9 sebeobrany. D\u011bkujeme t\u00edmto na\u0161im instruktor\u016fm i cvi\u010denc\u016fm za super prezentaci.<\/p>\n","protected":false},"author":1,"featured_media":0,"comment_status":"closed","ping_status":"closed","sticky":false,"template":"","format":"standard","meta":[],"categories":[3],"tags":[],"aioseo_notices":[],"_links":{"self":[{"href":"http:\/\/www.kapap-czech.cz\/index.php?rest_route=\/wp\/v2\/posts\/525"}],"collection":[{"href":"http:\/\/www.kapap-czech.cz\/index.php?rest_route=\/wp\/v2\/posts"}],"about":[{"href":"http:\/\/www.kapap-czech.cz\/index.php?rest_route=\/wp\/v2\/types\/post"}],"author":[{"embeddable":true,"href":"http:\/\/www.kapap-czech.cz\/index.php?rest_route=\/wp\/v2\/users\/1"}],"replies":[{"embeddable":true,"href":"http:\/\/www.kapap-czech.cz\/index.php?rest_route=%2Fwp%2Fv2%2Fcomments&post=525"}],"version-history":[{"count":2,"href":"http:\/\/www.kapap-czech.cz\/index.php?rest_route=\/wp\/v2\/posts\/525\/revisions"}],"predecessor-version":[{"id":527,"href":"http:\/\/www.kapap-czech.cz\/index.php?rest_route=\/wp\/v2\/posts\/525\/revisions\/527"}],"wp:attachment":[{"href":"http:\/\/www.kapap-czech.cz\/index.php?rest_route=%2Fwp%2Fv2%2Fmedia&parent=525"}],"wp:term":[{"taxonomy":"category","embeddable":true,"href":"http:\/\/www.kapap-czech.cz\/index.php?rest_route=%2Fwp%2Fv2%2Fcategories&post=525"},{"taxonomy":"post_tag","embeddable":true,"href":"http:\/\/www.kapap-czech.cz\/index.php?rest_route=%2Fwp%2Fv2%2Ftags&post=525"}],"curies":[{"name":"wp","href":"https:\/\/api.w.org\/{rel}","templated":true}]}}