{"id":529,"date":"2019-05-19T06:35:36","date_gmt":"2019-05-19T06:35:36","guid":{"rendered":"http:\/\/www.kapap-czech.cz\/?p=529"},"modified":"2019-05-19T06:35:36","modified_gmt":"2019-05-19T06:35:36","slug":"%ef%bb%bfdobris-propagace-kapap-czech-na-majovych-slavnostech-1852019","status":"publish","type":"post","link":"http:\/\/www.kapap-czech.cz\/?p=529","title":{"rendered":"\ufeffDOB\u0158\u00cd\u0160: Propagace KAPAP CZECH na M\u00e1jov\u00fdch slavnostech (18\/5\/2019)"},"content":{"rendered":"<figure id=\"attachment_528\" aria-describedby=\"caption-attachment-528\" style=\"width: 1024px\" class=\"wp-caption aligncenter\"><a href=\"http:\/\/www.kapap-czech.cz\/wp-content\/uploads\/2019\/05\/190518_dobris_majovky.jpg\"><img loading=\"lazy\" class=\"size-full wp-image-528\" alt=\"DOB\u0158\u00cd\u0160: Propagace KAPAP CZECH na M\u00e1jov\u00fdch slavnostech (18\/5\/2019)\" src=\"http:\/\/www.kapap-czech.cz\/wp-content\/uploads\/2019\/05\/190518_dobris_majovky.jpg\" width=\"1024\" height=\"378\" srcset=\"http:\/\/www.kapap-czech.cz\/wp-content\/uploads\/2019\/05\/190518_dobris_majovky.jpg 1024w, http:\/\/www.kapap-czech.cz\/wp-content\/uploads\/2019\/05\/190518_dobris_majovky-300x110.jpg 300w\" sizes=\"(max-width: 767px) 89vw, (max-width: 1000px) 54vw, (max-width: 1071px) 543px, 580px\" \/><\/a><figcaption id=\"caption-attachment-528\" class=\"wp-caption-text\">DOB\u0158\u00cd\u0160: Propagace KAPAP CZECH na M\u00e1jov\u00fdch slavnostech (18\/5\/2019)<\/figcaption><\/figure>\n<p>V sobotu 18.kv\u011btna 2019 se konali ve st\u0159edo\u010desk\u00e9 Dob\u0159\u00ed\u0161i tradi\u010dn\u00ed m\u011bstsk\u00e9 slavnosti, kter\u00e9 se naz\u00fdvaj\u00ed &#8222;M\u00e1jov\u00e9&#8220;. A jeliko\u017e se zde prezentuj\u00ed v\u0161echny neziskovky a sportovn\u00ed odd\u00edly z Dob\u0159\u00ed\u0161ska a okol\u00ed, KAPAP CZECH zde nemohl chyb\u011bt.<br \/>\nSt\u00e1nek jsme m\u011bli postaven\u00fd od 12:50 do 16:15 na d\u011btsk\u00e9m h\u0159i\u0161ti u kina, vedle ostatn\u00edch d\u011btsk\u00fdch organizac\u00ed. Z toho d\u016fvodu k n\u00e1m zav\u00edtali p\u0159edev\u0161\u00edm lid\u00e9, kte\u0159\u00ed m\u011bli z\u00e1jem o sebeobrany\u00a0pro sv\u00e9 d\u011bti. Na st\u00e1nku byl Mike, jeho syn Ondr\u00e1\u0161ek a Monika a Vl\u00e1\u010fa. Posledn\u00ed hodinku dorazil a pomohl i m\u00edstn\u00ed cvi\u010denec David. A z\u00e1jemc\u016f bylo hodn\u011b, v posledn\u00ed hodin\u011b dokonce se st\u00e1valo, \u017ee jsme mluvili v\u0161ichni, ka\u017ed\u00fd s n\u011bk\u00fdm, kdo se zaj\u00edmal o v\u00fdcvik.<br \/>\nAkci hodnot\u00edme velice pozitivn\u011b. KAPAP CZECH op\u011bt uk\u00e1zal, \u017ee m\u00e1 na Dob\u0159\u00ed\u0161i sv\u00e9 nezanedbateln\u00e9 m\u00edsto a t\u011b\u0161\u00edme se na plno lidi\u010dek, kte\u0159\u00ed doraz\u00ed na na\u0161e tr\u00e9ninky \u010di n\u00e1bory &#8211; a\u0165 u\u017e d\u011bt\u00ed, ml\u00e1de\u017ee, dosp\u011bl\u00e1k\u016f, \u017een \u010di senior\u016f. V\u0161ichni jsou v\u00edt\u00e1ni.<\/p>\n","protected":false},"excerpt":{"rendered":"<p>V sobotu 18.kv\u011btna 2019 se konali ve st\u0159edo\u010desk\u00e9 Dob\u0159\u00ed\u0161i tradi\u010dn\u00ed m\u011bstsk\u00e9 slavnosti, kter\u00e9 se naz\u00fdvaj\u00ed &#8222;M\u00e1jov\u00e9&#8220;. A jeliko\u017e se zde prezentuj\u00ed v\u0161echny neziskovky a sportovn\u00ed odd\u00edly z Dob\u0159\u00ed\u0161ska a okol\u00ed, KAPAP CZECH zde nemohl chyb\u011bt. St\u00e1nek jsme m\u011bli postaven\u00fd od 12:50 do 16:15 na d\u011btsk\u00e9m h\u0159i\u0161ti u kina, vedle ostatn\u00edch d\u011btsk\u00fdch organizac\u00ed. Z toho d\u016fvodu &hellip; <\/p>\n<p class=\"link-more\"><a href=\"http:\/\/www.kapap-czech.cz\/?p=529\" class=\"more-link\">Pokra\u010dovat ve \u010dten\u00ed<span class=\"screen-reader-text\"> &#8222;\ufeffDOB\u0158\u00cd\u0160: Propagace KAPAP CZECH na M\u00e1jov\u00fdch slavnostech (18\/5\/2019)&#8220;<\/span><\/a><\/p>\n","protected":false},"author":1,"featured_media":0,"comment_status":"closed","ping_status":"closed","sticky":false,"template":"","format":"standard","meta":[],"categories":[3],"tags":[],"aioseo_notices":[],"_links":{"self":[{"href":"http:\/\/www.kapap-czech.cz\/index.php?rest_route=\/wp\/v2\/posts\/529"}],"collection":[{"href":"http:\/\/www.kapap-czech.cz\/index.php?rest_route=\/wp\/v2\/posts"}],"about":[{"href":"http:\/\/www.kapap-czech.cz\/index.php?rest_route=\/wp\/v2\/types\/post"}],"author":[{"embeddable":true,"href":"http:\/\/www.kapap-czech.cz\/index.php?rest_route=\/wp\/v2\/users\/1"}],"replies":[{"embeddable":true,"href":"http:\/\/www.kapap-czech.cz\/index.php?rest_route=%2Fwp%2Fv2%2Fcomments&post=529"}],"version-history":[{"count":1,"href":"http:\/\/www.kapap-czech.cz\/index.php?rest_route=\/wp\/v2\/posts\/529\/revisions"}],"predecessor-version":[{"id":530,"href":"http:\/\/www.kapap-czech.cz\/index.php?rest_route=\/wp\/v2\/posts\/529\/revisions\/530"}],"wp:attachment":[{"href":"http:\/\/www.kapap-czech.cz\/index.php?rest_route=%2Fwp%2Fv2%2Fmedia&parent=529"}],"wp:term":[{"taxonomy":"category","embeddable":true,"href":"http:\/\/www.kapap-czech.cz\/index.php?rest_route=%2Fwp%2Fv2%2Fcategories&post=529"},{"taxonomy":"post_tag","embeddable":true,"href":"http:\/\/www.kapap-czech.cz\/index.php?rest_route=%2Fwp%2Fv2%2Ftags&post=529"}],"curies":[{"name":"wp","href":"https:\/\/api.w.org\/{rel}","templated":true}]}}