{"id":740,"date":"2019-07-29T09:40:48","date_gmt":"2019-07-29T08:40:48","guid":{"rendered":"http:\/\/www.kapap-czech.cz\/?p=740"},"modified":"2019-07-30T21:00:39","modified_gmt":"2019-07-30T20:00:39","slug":"startujeme-nabory-kapap-czech-2019","status":"publish","type":"post","link":"http:\/\/www.kapap-czech.cz\/?p=740","title":{"rendered":"Startujeme N\u00c1BORY KAPAP CZECH 2019"},"content":{"rendered":"\n<figure class=\"wp-block-image\"><img loading=\"lazy\" width=\"1024\" height=\"640\" src=\"http:\/\/www.kapap-czech.cz\/wp-content\/uploads\/2019\/07\/plakatek_kapap_czech-1024x640.jpg\" alt=\"N\u00c1BORY KAPAP CZECH 2019\" class=\"wp-image-739\" srcset=\"http:\/\/www.kapap-czech.cz\/wp-content\/uploads\/2019\/07\/plakatek_kapap_czech-1024x640.jpg 1024w, http:\/\/www.kapap-czech.cz\/wp-content\/uploads\/2019\/07\/plakatek_kapap_czech-300x187.jpg 300w, http:\/\/www.kapap-czech.cz\/wp-content\/uploads\/2019\/07\/plakatek_kapap_czech-768x480.jpg 768w, http:\/\/www.kapap-czech.cz\/wp-content\/uploads\/2019\/07\/plakatek_kapap_czech.jpg 1890w\" sizes=\"(max-width: 767px) 89vw, (max-width: 1000px) 54vw, (max-width: 1071px) 543px, 580px\" \/><figcaption>N\u00c1BORY KAPAP CZECH 2019<\/figcaption><\/figure>\n\n\n\n<p>Tento rok op\u011bt roz\u0161i\u0159ujeme na\u0161e portfolio o nov\u00e9 kurzy i lokality, tak\u017ee z\u00e1\u0159iov\u00e9 n\u00e1bory do KAPAP CZECH 2019 budou op\u011bt nabit\u00e9. T\u011b\u0161\u00edme se na nov\u00e9 cvi\u010dence &#8211; a\u0165 u\u017e v d\u011btsk\u00fdch programech, kter\u00e9 pojedou v 8 na\u0161ich lokalit\u00e1ch, tak na novou ml\u00e1de\u017e a dosp\u011bl\u00e9, kte\u0159\u00ed mohou cvi\u010dit v 15 m\u011bstech \u010cR. Sledujte n\u00e1bory, sd\u00edlejte je a dora\u017ete na ten pro v\u00e1s nejbli\u017e\u0161\u00ed n\u00e1bor. A pokud necvi\u010d\u00edme pr\u00e1v\u011b ve va\u0161em m\u011bst\u011b \u010di obci, kontaktujte n\u00e1s na <strong>mike@kapap-czech.cz<\/strong> a ur\u010dit\u011b spole\u010dn\u011b najdeme n\u011bjak\u00e9 \u0159e\u0161en\u00ed, jak to zm\u011bnit. <\/p>\n\n\n\n<figure class=\"wp-block-image\"><img loading=\"lazy\" width=\"717\" height=\"705\" src=\"http:\/\/www.kapap-czech.cz\/wp-content\/uploads\/2019\/07\/2019_nabory_all.jpg\" alt=\"P\u0159ehled N\u00c1BOR\u016e KAPAP CZECH 2019\" class=\"wp-image-781\" srcset=\"http:\/\/www.kapap-czech.cz\/wp-content\/uploads\/2019\/07\/2019_nabory_all.jpg 717w, http:\/\/www.kapap-czech.cz\/wp-content\/uploads\/2019\/07\/2019_nabory_all-300x295.jpg 300w\" sizes=\"(max-width: 717px) 100vw, 717px\" \/><figcaption>P\u0159ehled N\u00c1BOR\u016e KAPAP CZECH 2019<\/figcaption><\/figure>\n\n\n\n<p><\/p>\n","protected":false},"excerpt":{"rendered":"<p>Tento rok op\u011bt roz\u0161i\u0159ujeme na\u0161e portfolio o nov\u00e9 kurzy i lokality, tak\u017ee z\u00e1\u0159iov\u00e9 n\u00e1bory do KAPAP CZECH 2019 budou op\u011bt nabit\u00e9. T\u011b\u0161\u00edme se na nov\u00e9 cvi\u010dence &#8211; a\u0165 u\u017e v d\u011btsk\u00fdch programech, kter\u00e9 pojedou v 8 na\u0161ich lokalit\u00e1ch, tak na novou ml\u00e1de\u017e a dosp\u011bl\u00e9, kte\u0159\u00ed mohou cvi\u010dit v 15 m\u011bstech \u010cR. Sledujte n\u00e1bory, sd\u00edlejte je &hellip; <\/p>\n<p class=\"link-more\"><a href=\"http:\/\/www.kapap-czech.cz\/?p=740\" class=\"more-link\">Pokra\u010dovat ve \u010dten\u00ed<span class=\"screen-reader-text\"> &#8222;Startujeme N\u00c1BORY KAPAP CZECH 2019&#8220;<\/span><\/a><\/p>\n","protected":false},"author":1,"featured_media":0,"comment_status":"closed","ping_status":"closed","sticky":false,"template":"","format":"standard","meta":[],"categories":[1],"tags":[],"aioseo_notices":[],"_links":{"self":[{"href":"http:\/\/www.kapap-czech.cz\/index.php?rest_route=\/wp\/v2\/posts\/740"}],"collection":[{"href":"http:\/\/www.kapap-czech.cz\/index.php?rest_route=\/wp\/v2\/posts"}],"about":[{"href":"http:\/\/www.kapap-czech.cz\/index.php?rest_route=\/wp\/v2\/types\/post"}],"author":[{"embeddable":true,"href":"http:\/\/www.kapap-czech.cz\/index.php?rest_route=\/wp\/v2\/users\/1"}],"replies":[{"embeddable":true,"href":"http:\/\/www.kapap-czech.cz\/index.php?rest_route=%2Fwp%2Fv2%2Fcomments&post=740"}],"version-history":[{"count":2,"href":"http:\/\/www.kapap-czech.cz\/index.php?rest_route=\/wp\/v2\/posts\/740\/revisions"}],"predecessor-version":[{"id":828,"href":"http:\/\/www.kapap-czech.cz\/index.php?rest_route=\/wp\/v2\/posts\/740\/revisions\/828"}],"wp:attachment":[{"href":"http:\/\/www.kapap-czech.cz\/index.php?rest_route=%2Fwp%2Fv2%2Fmedia&parent=740"}],"wp:term":[{"taxonomy":"category","embeddable":true,"href":"http:\/\/www.kapap-czech.cz\/index.php?rest_route=%2Fwp%2Fv2%2Fcategories&post=740"},{"taxonomy":"post_tag","embeddable":true,"href":"http:\/\/www.kapap-czech.cz\/index.php?rest_route=%2Fwp%2Fv2%2Ftags&post=740"}],"curies":[{"name":"wp","href":"https:\/\/api.w.org\/{rel}","templated":true}]}}